{"id":7196,"date":"2024-05-27T17:10:00","date_gmt":"2024-05-27T20:10:00","guid":{"rendered":"https:\/\/hdpnoticias.com.ar\/?p=7196"},"modified":"2024-05-28T06:08:31","modified_gmt":"2024-05-28T09:08:31","slug":"milei-echo-a-posse-y-francos-es-el-nuevo-jefe-de-gabinete","status":"publish","type":"post","link":"https:\/\/hdpnoticias.com.ar\/?p=7196","title":{"rendered":"Milei ech\u00f3 a Posse y Francos es el nuevo jefe de Gabinete"},"content":{"rendered":"\n<figure class=\"wp-block-image size-full\"><img loading=\"lazy\" decoding=\"async\" width=\"720\" height=\"90\" src=\"http:\/\/hdpnoticias.com.ar\/wp-content\/uploads\/2024\/05\/Copy-of-720x90-1.gif\" alt=\"\" class=\"wp-image-6806\"\/><\/figure>\n\n\n\n<p>Antes de emprender una gira de 3 semanas por Estados Unidos y Europa, el presidente de la Naci\u00f3n despidi\u00f3 al jefe de Gabinete: Nicol\u00e1s Posse por \u201cdiferencias de criterio\u201d, algo que ya se fue considerado un hecho hace un tiempo pero que hab\u00eda sido desmentido por el Gobierno.<\/p>\n\n\n\n<p>El ministro Guillermo Francos fue designado jefe de Gabinete y seguir\u00e1 al frente de Interior, que se convertir en una Secretar\u00eda dependiente de la Jefatura de Gabinete. El secretario de Interior ser\u00e1 Lisandro Catal\u00e1n.<\/p>\n\n\n\n<p>M\u00e1s all\u00e1 de las razones alegadas por el Presidente para explicar la ruptura con Posse, es un secreto a voces las diferencias que el ahora exfuncionario manten\u00eda con su hermana: Karina Milei.<\/p>\n","protected":false},"excerpt":{"rendered":"<p>Antes de emprender una gira de 3 semanas por Estados Unidos y Europa, el presidente de la Naci\u00f3n despidi\u00f3 al jefe de Gabinete: Nicol\u00e1s Posse por \u201cdiferencias de criterio\u201d, algo que ya se fue considerado un hecho hace un tiempo pero que hab\u00eda sido desmentido por el Gobierno. El ministro Guillermo Francos fue designado jefe [&hellip;]<\/p>\n","protected":false},"author":1,"featured_media":7197,"comment_status":"open","ping_status":"open","sticky":false,"template":"","format":"standard","meta":{"footnotes":""},"categories":[27],"tags":[1288,3813,3383,264,2864,3814,1319,3384],"class_list":["post-7196","post","type-post","status-publish","format-standard","has-post-thumbnail","hentry","category-politica","tag-estados-unidos","tag-europa","tag-francos","tag-gabinete","tag-interior","tag-karina","tag-milei","tag-posse"],"_links":{"self":[{"href":"https:\/\/hdpnoticias.com.ar\/index.php?rest_route=\/wp\/v2\/posts\/7196","targetHints":{"allow":["GET"]}}],"collection":[{"href":"https:\/\/hdpnoticias.com.ar\/index.php?rest_route=\/wp\/v2\/posts"}],"about":[{"href":"https:\/\/hdpnoticias.com.ar\/index.php?rest_route=\/wp\/v2\/types\/post"}],"author":[{"embeddable":true,"href":"https:\/\/hdpnoticias.com.ar\/index.php?rest_route=\/wp\/v2\/users\/1"}],"replies":[{"embeddable":true,"href":"https:\/\/hdpnoticias.com.ar\/index.php?rest_route=%2Fwp%2Fv2%2Fcomments&post=7196"}],"version-history":[{"count":1,"href":"https:\/\/hdpnoticias.com.ar\/index.php?rest_route=\/wp\/v2\/posts\/7196\/revisions"}],"predecessor-version":[{"id":7198,"href":"https:\/\/hdpnoticias.com.ar\/index.php?rest_route=\/wp\/v2\/posts\/7196\/revisions\/7198"}],"wp:featuredmedia":[{"embeddable":true,"href":"https:\/\/hdpnoticias.com.ar\/index.php?rest_route=\/wp\/v2\/media\/7197"}],"wp:attachment":[{"href":"https:\/\/hdpnoticias.com.ar\/index.php?rest_route=%2Fwp%2Fv2%2Fmedia&parent=7196"}],"wp:term":[{"taxonomy":"category","embeddable":true,"href":"https:\/\/hdpnoticias.com.ar\/index.php?rest_route=%2Fwp%2Fv2%2Fcategories&post=7196"},{"taxonomy":"post_tag","embeddable":true,"href":"https:\/\/hdpnoticias.com.ar\/index.php?rest_route=%2Fwp%2Fv2%2Ftags&post=7196"}],"curies":[{"name":"wp","href":"https:\/\/api.w.org\/{rel}","templated":true}]}}