{"id":7177,"date":"2024-05-26T18:36:15","date_gmt":"2024-05-26T21:36:15","guid":{"rendered":"https:\/\/hdpnoticias.com.ar\/?p=7177"},"modified":"2024-05-26T18:36:17","modified_gmt":"2024-05-26T21:36:17","slug":"2-trans-apunalaron-en-la-espalda-a-un-hombre-en-el-centro-de-resistencia","status":"publish","type":"post","link":"https:\/\/hdpnoticias.com.ar\/?p=7177","title":{"rendered":"2 trans apu\u00f1alaron en la espalda a un hombre en el centro de Resistencia"},"content":{"rendered":"\n<figure class=\"wp-block-image size-full\"><img loading=\"lazy\" decoding=\"async\" width=\"728\" height=\"90\" src=\"http:\/\/hdpnoticias.com.ar\/wp-content\/uploads\/2024\/05\/Nachec.gif\" alt=\"\" class=\"wp-image-6814\"\/><\/figure>\n\n\n\n<p>Un hombre de 37 a\u00f1os acudi\u00f3 la madrugada de este domingo a la Comisar\u00eda Primera para denunciar que acababa de ser apu\u00f1alado por 2 trans en la esquina de la calle Jos\u00e9 Mar\u00eda Paz y la avenida Rodr\u00edguez Pe\u00f1a, en el microcentro de Resistencia.<\/p>\n\n\n\n<p>Presentaba 2 profundas heridas en la espalda, por lo que debi\u00f3 ser trasladado al hospital Perrando.<\/p>\n\n\n\n<p>Siguiendo las descripciones aportadas en la denuncia, una comisi\u00f3n policial detuvo a las personas que lo agredieron, de 27 y 29 a\u00f1os.<\/p>\n\n\n\n<p>Ahora investigan c\u00f3mo ocurrieron los hechos, para lo que la Polic\u00eda apel\u00f3 a las grabaciones de las c\u00e1maras de seguridad de la zona.<\/p>\n","protected":false},"excerpt":{"rendered":"<p>Un hombre de 37 a\u00f1os acudi\u00f3 la madrugada de este domingo a la Comisar\u00eda Primera para denunciar que acababa de ser apu\u00f1alado por 2 trans en la esquina de la calle Jos\u00e9 Mar\u00eda Paz y la avenida Rodr\u00edguez Pe\u00f1a, en el microcentro de Resistencia. Presentaba 2 profundas heridas en la espalda, por lo que debi\u00f3 [&hellip;]<\/p>\n","protected":false},"author":1,"featured_media":7178,"comment_status":"open","ping_status":"open","sticky":false,"template":"","format":"standard","meta":{"footnotes":""},"categories":[26],"tags":[1886,40,49,2785,3807],"class_list":["post-7177","post","type-post","status-publish","format-standard","has-post-thumbnail","hentry","category-policiales","tag-apunalado","tag-perrando","tag-resistencia","tag-trans","tag-travestis"],"_links":{"self":[{"href":"https:\/\/hdpnoticias.com.ar\/index.php?rest_route=\/wp\/v2\/posts\/7177","targetHints":{"allow":["GET"]}}],"collection":[{"href":"https:\/\/hdpnoticias.com.ar\/index.php?rest_route=\/wp\/v2\/posts"}],"about":[{"href":"https:\/\/hdpnoticias.com.ar\/index.php?rest_route=\/wp\/v2\/types\/post"}],"author":[{"embeddable":true,"href":"https:\/\/hdpnoticias.com.ar\/index.php?rest_route=\/wp\/v2\/users\/1"}],"replies":[{"embeddable":true,"href":"https:\/\/hdpnoticias.com.ar\/index.php?rest_route=%2Fwp%2Fv2%2Fcomments&post=7177"}],"version-history":[{"count":1,"href":"https:\/\/hdpnoticias.com.ar\/index.php?rest_route=\/wp\/v2\/posts\/7177\/revisions"}],"predecessor-version":[{"id":7179,"href":"https:\/\/hdpnoticias.com.ar\/index.php?rest_route=\/wp\/v2\/posts\/7177\/revisions\/7179"}],"wp:featuredmedia":[{"embeddable":true,"href":"https:\/\/hdpnoticias.com.ar\/index.php?rest_route=\/wp\/v2\/media\/7178"}],"wp:attachment":[{"href":"https:\/\/hdpnoticias.com.ar\/index.php?rest_route=%2Fwp%2Fv2%2Fmedia&parent=7177"}],"wp:term":[{"taxonomy":"category","embeddable":true,"href":"https:\/\/hdpnoticias.com.ar\/index.php?rest_route=%2Fwp%2Fv2%2Fcategories&post=7177"},{"taxonomy":"post_tag","embeddable":true,"href":"https:\/\/hdpnoticias.com.ar\/index.php?rest_route=%2Fwp%2Fv2%2Ftags&post=7177"}],"curies":[{"name":"wp","href":"https:\/\/api.w.org\/{rel}","templated":true}]}}