{"id":7108,"date":"2024-05-21T19:12:24","date_gmt":"2024-05-21T22:12:24","guid":{"rendered":"https:\/\/hdpnoticias.com.ar\/?p=7108"},"modified":"2024-05-22T20:27:32","modified_gmt":"2024-05-22T23:27:32","slug":"brutal-choque-frontal-entre-un-camion-y-un-auto-un-muerto","status":"publish","type":"post","link":"https:\/\/hdpnoticias.com.ar\/?p=7108","title":{"rendered":"Brutal choque frontal entre un cami\u00f3n y un auto: un muerto"},"content":{"rendered":"\n<figure class=\"wp-block-image size-full\"><img loading=\"lazy\" decoding=\"async\" width=\"728\" height=\"90\" src=\"http:\/\/hdpnoticias.com.ar\/wp-content\/uploads\/2024\/05\/Nachec.gif\" alt=\"\" class=\"wp-image-6814\"\/><\/figure>\n\n\n\n<p>Un semirremolque Mercedes Benz y un VW Virtus se toparon frontalmente en el kil\u00f3metro 983 de la ruta nacional 11, en inmediaciones del empalme de la ruta 13.<\/p>\n\n\n\n<p>El impacto fue tan brutal que el cami\u00f3n perdi\u00f3 sus ruedas izquierdas y al auto termin\u00f3 con su parte delantera irreconocible; ambos en la banquina.<\/p>\n\n\n\n<p>Producto del siniestro, el automovilista: Gustavo Guillermo Evans, de 73 a\u00f1os, muri\u00f3 en el acto.<\/p>\n\n\n\n<p>El camionero, de 28, result\u00f3 ileso.<\/p>\n","protected":false},"excerpt":{"rendered":"<p>Un semirremolque Mercedes Benz y un VW Virtus se toparon frontalmente en el kil\u00f3metro 983 de la ruta nacional 11, en inmediaciones del empalme de la ruta 13. El impacto fue tan brutal que el cami\u00f3n perdi\u00f3 sus ruedas izquierdas y al auto termin\u00f3 con su parte delantera irreconocible; ambos en la banquina. Producto del [&hellip;]<\/p>\n","protected":false},"author":1,"featured_media":7109,"comment_status":"open","ping_status":"open","sticky":false,"template":"","format":"standard","meta":{"footnotes":""},"categories":[26],"tags":[2101,3780,127,539,100,3689,89],"class_list":["post-7108","post","type-post","status-publish","format-standard","has-post-thumbnail","hentry","category-policiales","tag-choque-frontal","tag-evans","tag-mercedes-benz","tag-ruta-11","tag-tragedia","tag-virtus","tag-vw"],"_links":{"self":[{"href":"https:\/\/hdpnoticias.com.ar\/index.php?rest_route=\/wp\/v2\/posts\/7108","targetHints":{"allow":["GET"]}}],"collection":[{"href":"https:\/\/hdpnoticias.com.ar\/index.php?rest_route=\/wp\/v2\/posts"}],"about":[{"href":"https:\/\/hdpnoticias.com.ar\/index.php?rest_route=\/wp\/v2\/types\/post"}],"author":[{"embeddable":true,"href":"https:\/\/hdpnoticias.com.ar\/index.php?rest_route=\/wp\/v2\/users\/1"}],"replies":[{"embeddable":true,"href":"https:\/\/hdpnoticias.com.ar\/index.php?rest_route=%2Fwp%2Fv2%2Fcomments&post=7108"}],"version-history":[{"count":2,"href":"https:\/\/hdpnoticias.com.ar\/index.php?rest_route=\/wp\/v2\/posts\/7108\/revisions"}],"predecessor-version":[{"id":7111,"href":"https:\/\/hdpnoticias.com.ar\/index.php?rest_route=\/wp\/v2\/posts\/7108\/revisions\/7111"}],"wp:featuredmedia":[{"embeddable":true,"href":"https:\/\/hdpnoticias.com.ar\/index.php?rest_route=\/wp\/v2\/media\/7109"}],"wp:attachment":[{"href":"https:\/\/hdpnoticias.com.ar\/index.php?rest_route=%2Fwp%2Fv2%2Fmedia&parent=7108"}],"wp:term":[{"taxonomy":"category","embeddable":true,"href":"https:\/\/hdpnoticias.com.ar\/index.php?rest_route=%2Fwp%2Fv2%2Fcategories&post=7108"},{"taxonomy":"post_tag","embeddable":true,"href":"https:\/\/hdpnoticias.com.ar\/index.php?rest_route=%2Fwp%2Fv2%2Ftags&post=7108"}],"curies":[{"name":"wp","href":"https:\/\/api.w.org\/{rel}","templated":true}]}}