{"id":7054,"date":"2024-05-17T17:11:15","date_gmt":"2024-05-17T20:11:15","guid":{"rendered":"https:\/\/hdpnoticias.com.ar\/?p=7054"},"modified":"2024-05-17T17:12:32","modified_gmt":"2024-05-17T20:12:32","slug":"otra-perpetua-para-la-hiena-carmona-ordenan-investigar-a-2-jueces-y-5-penitenciarios-chaquenos","status":"publish","type":"post","link":"https:\/\/hdpnoticias.com.ar\/?p=7054","title":{"rendered":"Otra perpetua para la &#8220;Hiena&#8221; Carmona: ordenan investigar a 2 jueces y 5 penitenciarios chaque\u00f1os"},"content":{"rendered":"\n<figure class=\"wp-block-image size-full\"><img loading=\"lazy\" decoding=\"async\" width=\"720\" height=\"90\" src=\"http:\/\/hdpnoticias.com.ar\/wp-content\/uploads\/2024\/05\/Copy-of-720x90-1.gif\" alt=\"\" class=\"wp-image-6806\"\/><\/figure>\n\n\n\n<p>Roberto Jos\u00e9 \u201cHiena Humana\u201d Carmona, de 62 a\u00f1os, fue condenado por tercera vez m\u00e1s a prisi\u00f3n perpetua, ahora por el asesinato del taxista Javier Bocal\u00f3n, en C\u00f3rdoba, cometido en diciembre de 2022.<\/p>\n\n\n\n<p>Carmona acumulaba 2 condenas a perpetua y una a 16 a\u00f1os de c\u00e1rcel por 3 asesinatos a lo largo de su carrera criminal que le vali\u00f3 el mote de \u201cLa Hiena Humana\u201d.<\/p>\n\n\n\n<p>En 1986 secuestr\u00f3, viol\u00f3 y asesin\u00f3 a Gabriela Ceppi, una adolescente de 16 a\u00f1os, en Carlos Paz. Fue condenado y mientras cumpl\u00eda condena en una c\u00e1rcel de C\u00f3rdoba,, asesin\u00f3 a H\u00e9ctor Bolea, un compa\u00f1ero de prisi\u00f3n, y mientras estaba detenido en Resistencia, unos a\u00f1os despu\u00e9s, asesin\u00f3 a otro preso: Demetrio P\u00e9rez, clav\u00e1ndole un palo de escoba a modo de lanza en el pecho.<\/p>\n\n\n\n<p>En 2022 Carmona, considerado ya en ese momento el criminal m\u00e1s terrible del pa\u00eds, cumpl\u00eda su pena en la Alcaid\u00eda de Resistencia cuando el juez Juan Jos\u00e9 Cima le otorg\u00f3 el beneficio de las salidas transitorias.<\/p>\n\n\n\n<p>En ese marco, en diciembre, en pleno Mundial de F\u00fatbol de Qatar, hab\u00eda solicitado viajar a C\u00f3rdoba para visitar a su novia. Su deseo fue consentido por la jueza Ligia Duca, y al d\u00eda siguiente una comisi\u00f3n integrada por 5 efectivos del Servicio Penitenciario Provincial y un enfermero, parti\u00f3 con la Hiena hacia C\u00f3rdoba.<\/p>\n\n\n\n<p>Carmona llevaba un televisor de regalo para su novia, y planeaba mirar alg\u00fan partido de la Selecci\u00f3n Argentina con ella.<\/p>\n\n\n\n<p>En C\u00f3rdoba los penitenciarios lo llevaron a la casa de la mujer, y aprovech\u00f3 la distracci\u00f3n generalizada por el partido entre Argentina y Croacia, y se fug\u00f3. Abord\u00f3 un taxi para escapar de la zona y a pocas cuadras apu\u00f1al\u00f3 y termin\u00f3 degollando al taxista para robarle el auto, pero el veh\u00edculo se descontrol\u00f3 y chocaron un \u00e1rbol. Entonces escap\u00f3 a pie y cometi\u00f3 otros 2 robos a mano armada para concretar su fuga.<\/p>\n\n\n\n<p>La Polic\u00eda de C\u00f3rdoba mont\u00f3 un operativo que permiti\u00f3 atraparlo poco despu\u00e9s.<\/p>\n\n\n\n<p>Por eso fue nuevamente enjuiciado y condenado a perpetua una vez m\u00e1s. En la audiencia dijo que asesin\u00f3 al taxista porque \u201c\u00e9l prefiri\u00f3 el auto en vez de su vida\u201d. \u201cYo le ped\u00ed el auto y \u00e9l no quiso d\u00e1rmelo\u201d, declar\u00f3, y agreg\u00f3 que la negativa de su v\u00edctima le afect\u00f3 su ego y matarlo era la \u00fanica manera de enmendar eso.<\/p>\n\n\n\n<p>Cuando le preguntaron c\u00f3mo obtuvo los 2 cuchillos que le secuestraron, dijo que se los hab\u00eda comprado a un penitenciario llamado Penayo, en Chaco, por 15 mil pesos, y que \u00e9l entend\u00eda la actitud del agente porque \u201ccobra un sueldo de mierda\u201d.<\/p>\n\n\n\n<p>Al dictar sentencia, los jueces dispusieron remitir todo lo actuado al Superior Tribunal de Justicia y la Procuraci\u00f3n General de la Provincia del Chaco para que se inicien los sumarios que correspondan contra los jueces de Ejecuci\u00f3n Penal: Juan Jos\u00e9 Cima y Ligia Duca, y los 5 penitenciarios involucrados en la fuga de Carmona.<\/p>\n","protected":false},"excerpt":{"rendered":"<p>Roberto Jos\u00e9 \u201cHiena Humana\u201d Carmona, de 62 a\u00f1os, fue condenado por tercera vez m\u00e1s a prisi\u00f3n perpetua, ahora por el asesinato del taxista Javier Bocal\u00f3n, en C\u00f3rdoba, cometido en diciembre de 2022. Carmona acumulaba 2 condenas a perpetua y una a 16 a\u00f1os de c\u00e1rcel por 3 asesinatos a lo largo de su carrera criminal [&hellip;]<\/p>\n","protected":false},"author":1,"featured_media":7055,"comment_status":"open","ping_status":"open","sticky":false,"template":"","format":"standard","meta":{"footnotes":""},"categories":[26],"tags":[259,3760,3758,37,342,3761,3759,1006,2404,280,189],"class_list":["post-7054","post","type-post","status-publish","format-standard","has-post-thumbnail","hentry","category-policiales","tag-argentina","tag-carlos-paz","tag-carmona","tag-chaco","tag-cordoba","tag-croacia","tag-hiena","tag-jueces","tag-penitenciarios","tag-perpetua","tag-qatar"],"_links":{"self":[{"href":"https:\/\/hdpnoticias.com.ar\/index.php?rest_route=\/wp\/v2\/posts\/7054","targetHints":{"allow":["GET"]}}],"collection":[{"href":"https:\/\/hdpnoticias.com.ar\/index.php?rest_route=\/wp\/v2\/posts"}],"about":[{"href":"https:\/\/hdpnoticias.com.ar\/index.php?rest_route=\/wp\/v2\/types\/post"}],"author":[{"embeddable":true,"href":"https:\/\/hdpnoticias.com.ar\/index.php?rest_route=\/wp\/v2\/users\/1"}],"replies":[{"embeddable":true,"href":"https:\/\/hdpnoticias.com.ar\/index.php?rest_route=%2Fwp%2Fv2%2Fcomments&post=7054"}],"version-history":[{"count":2,"href":"https:\/\/hdpnoticias.com.ar\/index.php?rest_route=\/wp\/v2\/posts\/7054\/revisions"}],"predecessor-version":[{"id":7057,"href":"https:\/\/hdpnoticias.com.ar\/index.php?rest_route=\/wp\/v2\/posts\/7054\/revisions\/7057"}],"wp:featuredmedia":[{"embeddable":true,"href":"https:\/\/hdpnoticias.com.ar\/index.php?rest_route=\/wp\/v2\/media\/7055"}],"wp:attachment":[{"href":"https:\/\/hdpnoticias.com.ar\/index.php?rest_route=%2Fwp%2Fv2%2Fmedia&parent=7054"}],"wp:term":[{"taxonomy":"category","embeddable":true,"href":"https:\/\/hdpnoticias.com.ar\/index.php?rest_route=%2Fwp%2Fv2%2Fcategories&post=7054"},{"taxonomy":"post_tag","embeddable":true,"href":"https:\/\/hdpnoticias.com.ar\/index.php?rest_route=%2Fwp%2Fv2%2Ftags&post=7054"}],"curies":[{"name":"wp","href":"https:\/\/api.w.org\/{rel}","templated":true}]}}