{"id":7044,"date":"2024-05-16T19:31:09","date_gmt":"2024-05-16T22:31:09","guid":{"rendered":"https:\/\/hdpnoticias.com.ar\/?p=7044"},"modified":"2024-06-13T08:42:18","modified_gmt":"2024-06-13T11:42:18","slug":"siga-siga-robo-una-tornado-pero-el-fiscal-lo-libero-por-no-tener-antecedentes","status":"publish","type":"post","link":"https:\/\/hdpnoticias.com.ar\/?p=7044","title":{"rendered":"Siga, siga: rob\u00f3 una Tornado pero el fiscal lo liber\u00f3 por no tener antecedentes"},"content":{"rendered":"\n<figure class=\"wp-block-image size-full\"><img loading=\"lazy\" decoding=\"async\" width=\"728\" height=\"90\" src=\"http:\/\/hdpnoticias.com.ar\/wp-content\/uploads\/2024\/05\/Nachec.gif\" alt=\"\" class=\"wp-image-6814\"\/><\/figure>\n\n\n\n<p>Un vecino de Barranqueras, de 48 a\u00f1os, denunci\u00f3 el robo de su Honda XR 250, en horas de la madrugada, de su casa en la calle Don Orione 165.<\/p>\n\n\n\n<p>La Polic\u00eda despleg\u00f3 un operativo para encontrar el veh\u00edculo y atrapar al ladr\u00f3n.<\/p>\n\n\n\n<p>Los vecinos hab\u00edan individualizado a Thiago R\u00edos, de 18 a\u00f1os, como el autor del robo. Lo detuvieron en su vivienda de la calle Fray Mamerto Esqui\u00fa.<\/p>\n\n\n\n<p>Tras su detenci\u00f3n se supo que la moto hab\u00eda sido vendida en la zona sur de Resistencia, por lo que el operativo se traslad\u00f3 a esa zona y encontraron a un hombre circulando en un veh\u00edculo como el buscado, y al ver el patrullero sigui\u00e9ndolo de cerca, descendi\u00f3 y huy\u00f3 a pie.<\/p>\n\n\n\n<p>Los polic\u00edas corroboraron que se trataba de la moto robada y la restituyeron a su propietario.<\/p>\n\n\n\n<p>Mientras, el fiscal V\u00edctor Recio ordenaba que se inicie un expediente pero que el ladr\u00f3n sea liberado por no contar con antecedentes.<\/p>\n","protected":false},"excerpt":{"rendered":"<p>Un vecino de Barranqueras, de 48 a\u00f1os, denunci\u00f3 el robo de su Honda XR 250, en horas de la madrugada, de su casa en la calle Don Orione 165. La Polic\u00eda despleg\u00f3 un operativo para encontrar el veh\u00edculo y atrapar al ladr\u00f3n. Los vecinos hab\u00edan individualizado a Thiago R\u00edos, de 18 a\u00f1os, como el autor [&hellip;]<\/p>\n","protected":false},"author":1,"featured_media":7045,"comment_status":"open","ping_status":"open","sticky":false,"template":"","format":"standard","meta":{"footnotes":""},"categories":[26],"tags":[1366,53,1805,1258,445,2740,1352,1197],"class_list":["post-7044","post","type-post","status-publish","format-standard","has-post-thumbnail","hentry","category-policiales","tag-antecedentes","tag-barranqueras","tag-delincuente","tag-fiscal","tag-honda","tag-siga-siga","tag-tornado","tag-xr"],"_links":{"self":[{"href":"https:\/\/hdpnoticias.com.ar\/index.php?rest_route=\/wp\/v2\/posts\/7044","targetHints":{"allow":["GET"]}}],"collection":[{"href":"https:\/\/hdpnoticias.com.ar\/index.php?rest_route=\/wp\/v2\/posts"}],"about":[{"href":"https:\/\/hdpnoticias.com.ar\/index.php?rest_route=\/wp\/v2\/types\/post"}],"author":[{"embeddable":true,"href":"https:\/\/hdpnoticias.com.ar\/index.php?rest_route=\/wp\/v2\/users\/1"}],"replies":[{"embeddable":true,"href":"https:\/\/hdpnoticias.com.ar\/index.php?rest_route=%2Fwp%2Fv2%2Fcomments&post=7044"}],"version-history":[{"count":1,"href":"https:\/\/hdpnoticias.com.ar\/index.php?rest_route=\/wp\/v2\/posts\/7044\/revisions"}],"predecessor-version":[{"id":7046,"href":"https:\/\/hdpnoticias.com.ar\/index.php?rest_route=\/wp\/v2\/posts\/7044\/revisions\/7046"}],"wp:featuredmedia":[{"embeddable":true,"href":"https:\/\/hdpnoticias.com.ar\/index.php?rest_route=\/wp\/v2\/media\/7045"}],"wp:attachment":[{"href":"https:\/\/hdpnoticias.com.ar\/index.php?rest_route=%2Fwp%2Fv2%2Fmedia&parent=7044"}],"wp:term":[{"taxonomy":"category","embeddable":true,"href":"https:\/\/hdpnoticias.com.ar\/index.php?rest_route=%2Fwp%2Fv2%2Fcategories&post=7044"},{"taxonomy":"post_tag","embeddable":true,"href":"https:\/\/hdpnoticias.com.ar\/index.php?rest_route=%2Fwp%2Fv2%2Ftags&post=7044"}],"curies":[{"name":"wp","href":"https:\/\/api.w.org\/{rel}","templated":true}]}}