{"id":7023,"date":"2024-05-14T22:55:24","date_gmt":"2024-05-15T01:55:24","guid":{"rendered":"https:\/\/hdpnoticias.com.ar\/?p=7023"},"modified":"2024-05-14T22:55:27","modified_gmt":"2024-05-15T01:55:27","slug":"intervinieron-la-direccion-de-registro-civil-muertos-vivos-y-otras-irregularidades","status":"publish","type":"post","link":"https:\/\/hdpnoticias.com.ar\/?p=7023","title":{"rendered":"Intervinieron la Direcci\u00f3n de Registro Civil: muertos vivos y otras irregularidades"},"content":{"rendered":"\n<figure class=\"wp-block-image size-full\"><img loading=\"lazy\" decoding=\"async\" width=\"720\" height=\"90\" src=\"http:\/\/hdpnoticias.com.ar\/wp-content\/uploads\/2024\/05\/Copy-of-720x90-1.gif\" alt=\"\" class=\"wp-image-6806\"\/><\/figure>\n\n\n\n<p>El gobernador Leandro Zdero dispuso recientemente la intervenci\u00f3n de la Direcci\u00f3n General del Registro del Estado Civil y Capacidad de las Personas, del Ministerio de Gobierno, Justicia, Trabajo y Derechos Humanos, y removi\u00f3 a Fanny Blanco, que ocupaba provisoriamente la titularidad del organismo.<\/p>\n\n\n\n<p>La decisi\u00f3n fue adoptada a ra\u00edz de la detecci\u00f3n de una serie de irregularidades en la sede central y delegaciones del Registro Civil, como la inscripci\u00f3n como fallecidas de personas vivas, actas sin firma o firmadas en blanco, entre otras.<\/p>\n\n\n\n<p>Varias de estas cuestiones ya estaban en conocimiento de la directora, incluso se hab\u00edan iniciado instancias administrativas para subsanar esas inconsistencias pero los tr\u00e1mites quedaban inconclusos o no se resolv\u00edan convenientemente.<\/p>\n\n\n\n<p>La medida se extender\u00e1, en principio, por 180 d\u00edas. Durante ese lapso la m\u00e1xima autoridad de la Direcci\u00f3n ser\u00e1 Marcela Gonz\u00e1lez, designada interventora.<\/p>\n","protected":false},"excerpt":{"rendered":"<p>El gobernador Leandro Zdero dispuso recientemente la intervenci\u00f3n de la Direcci\u00f3n General del Registro del Estado Civil y Capacidad de las Personas, del Ministerio de Gobierno, Justicia, Trabajo y Derechos Humanos, y removi\u00f3 a Fanny Blanco, que ocupaba provisoriamente la titularidad del organismo. La decisi\u00f3n fue adoptada a ra\u00edz de la detecci\u00f3n de una serie [&hellip;]<\/p>\n","protected":false},"author":1,"featured_media":7024,"comment_status":"open","ping_status":"open","sticky":false,"template":"","format":"standard","meta":{"footnotes":""},"categories":[6],"tags":[3746,37,561,3537,461,3744,3745,921],"class_list":["post-7023","post","type-post","status-publish","format-standard","has-post-thumbnail","hentry","category-info-general","tag-actas","tag-chaco","tag-intervencion","tag-irregularidades","tag-muertos","tag-registro-civil","tag-vivos","tag-zdero"],"_links":{"self":[{"href":"https:\/\/hdpnoticias.com.ar\/index.php?rest_route=\/wp\/v2\/posts\/7023","targetHints":{"allow":["GET"]}}],"collection":[{"href":"https:\/\/hdpnoticias.com.ar\/index.php?rest_route=\/wp\/v2\/posts"}],"about":[{"href":"https:\/\/hdpnoticias.com.ar\/index.php?rest_route=\/wp\/v2\/types\/post"}],"author":[{"embeddable":true,"href":"https:\/\/hdpnoticias.com.ar\/index.php?rest_route=\/wp\/v2\/users\/1"}],"replies":[{"embeddable":true,"href":"https:\/\/hdpnoticias.com.ar\/index.php?rest_route=%2Fwp%2Fv2%2Fcomments&post=7023"}],"version-history":[{"count":1,"href":"https:\/\/hdpnoticias.com.ar\/index.php?rest_route=\/wp\/v2\/posts\/7023\/revisions"}],"predecessor-version":[{"id":7025,"href":"https:\/\/hdpnoticias.com.ar\/index.php?rest_route=\/wp\/v2\/posts\/7023\/revisions\/7025"}],"wp:featuredmedia":[{"embeddable":true,"href":"https:\/\/hdpnoticias.com.ar\/index.php?rest_route=\/wp\/v2\/media\/7024"}],"wp:attachment":[{"href":"https:\/\/hdpnoticias.com.ar\/index.php?rest_route=%2Fwp%2Fv2%2Fmedia&parent=7023"}],"wp:term":[{"taxonomy":"category","embeddable":true,"href":"https:\/\/hdpnoticias.com.ar\/index.php?rest_route=%2Fwp%2Fv2%2Fcategories&post=7023"},{"taxonomy":"post_tag","embeddable":true,"href":"https:\/\/hdpnoticias.com.ar\/index.php?rest_route=%2Fwp%2Fv2%2Ftags&post=7023"}],"curies":[{"name":"wp","href":"https:\/\/api.w.org\/{rel}","templated":true}]}}