{"id":7020,"date":"2024-05-14T14:19:11","date_gmt":"2024-05-14T17:19:11","guid":{"rendered":"https:\/\/hdpnoticias.com.ar\/?p=7020"},"modified":"2024-05-14T14:19:14","modified_gmt":"2024-05-14T17:19:14","slug":"menemista-para-milei-menem-fue-el-mejor-presidente-de-los-ultimos-40-anos","status":"publish","type":"post","link":"https:\/\/hdpnoticias.com.ar\/?p=7020","title":{"rendered":"Menemista: para Milei, Menem fue el mejor presidente de los \u00faltimos 40 a\u00f1os"},"content":{"rendered":"\n<figure class=\"wp-block-image size-full\"><img loading=\"lazy\" decoding=\"async\" width=\"728\" height=\"90\" src=\"http:\/\/hdpnoticias.com.ar\/wp-content\/uploads\/2024\/05\/Nachec.gif\" alt=\"\" class=\"wp-image-6814\"\/><\/figure>\n\n\n\n<p>El presidente de la Naci\u00f3n: Javier Milei, encabez\u00f3 esta martes el acto de descubrimiento el busto del expresidente Carlos Sa\u00fal Menem en la Casa Rosada.<\/p>\n\n\n\n<p>Al referirse a \u00e9l, lo defini\u00f3 como \u201cel mejor presidente de los \u00faltimos 40 a\u00f1os\u201d, y elogi\u00f3 no s\u00f3lo su gesti\u00f3n, sino su figura personal y pol\u00edtica.<\/p>\n\n\n\n<p>El acto sirvi\u00f3 de homenaje a 35 a\u00f1os del triunfo electoral que lo llevara por primera vez a la Presidencia de la Naci\u00f3n.<\/p>\n\n\n\n<p>Menem, condenado por corrupci\u00f3n y soslayado por el propio Partido Justicialista, muri\u00f3 ejerciendo su rol de senador por La Rioja.<\/p>\n\n\n\n<p>Para Milei, \u201csu pertenencia ideol\u00f3gica era innegable y sus principios inamovibles\u201d, y asegur\u00f3 que Menem \u201cjam\u00e1s hubiera hecho algo o dejado de hacer a cambio de un cargo\u201d.<\/p>\n\n\n\n<p>\u201cEra capitalista, ven\u00eda del sector privado, sab\u00eda ganarse la vida sirviendo al pr\u00f3jimo, sirviendo bienes de mejor calidad a mejor precio&#8221;, grafic\u00f3 el Presidente.<\/p>\n\n\n\n<p>Participaron del descubrimiento la secretaria general de la Presidencia: Karina Milei, el ministro de Interior: Guillermo Francos, el presidente de la C\u00e1mara de Diputados: Mart\u00edn Menem y el vocero presidencial Manuel Adorni, entre otros. M\u00e1s Zulema Menem, y los exfuncionarios menemistas\u00a0 Carlos Corach, Ram\u00f3n Hern\u00e1ndez, Jorge Castro, Alberto Antonio Kohan y Jorge Rodr\u00edguez.<\/p>\n","protected":false},"excerpt":{"rendered":"<p>El presidente de la Naci\u00f3n: Javier Milei, encabez\u00f3 esta martes el acto de descubrimiento el busto del expresidente Carlos Sa\u00fal Menem en la Casa Rosada. Al referirse a \u00e9l, lo defini\u00f3 como \u201cel mejor presidente de los \u00faltimos 40 a\u00f1os\u201d, y elogi\u00f3 no s\u00f3lo su gesti\u00f3n, sino su figura personal y pol\u00edtica. El acto sirvi\u00f3 [&hellip;]<\/p>\n","protected":false},"author":1,"featured_media":7021,"comment_status":"open","ping_status":"open","sticky":false,"template":"","format":"standard","meta":{"footnotes":""},"categories":[27],"tags":[3743,287,296,3742,168,454],"class_list":["post-7020","post","type-post","status-publish","format-standard","has-post-thumbnail","hentry","category-politica","tag-capitalista","tag-menem","tag-menemista","tag-mlei","tag-nacion","tag-presidente"],"_links":{"self":[{"href":"https:\/\/hdpnoticias.com.ar\/index.php?rest_route=\/wp\/v2\/posts\/7020","targetHints":{"allow":["GET"]}}],"collection":[{"href":"https:\/\/hdpnoticias.com.ar\/index.php?rest_route=\/wp\/v2\/posts"}],"about":[{"href":"https:\/\/hdpnoticias.com.ar\/index.php?rest_route=\/wp\/v2\/types\/post"}],"author":[{"embeddable":true,"href":"https:\/\/hdpnoticias.com.ar\/index.php?rest_route=\/wp\/v2\/users\/1"}],"replies":[{"embeddable":true,"href":"https:\/\/hdpnoticias.com.ar\/index.php?rest_route=%2Fwp%2Fv2%2Fcomments&post=7020"}],"version-history":[{"count":1,"href":"https:\/\/hdpnoticias.com.ar\/index.php?rest_route=\/wp\/v2\/posts\/7020\/revisions"}],"predecessor-version":[{"id":7022,"href":"https:\/\/hdpnoticias.com.ar\/index.php?rest_route=\/wp\/v2\/posts\/7020\/revisions\/7022"}],"wp:featuredmedia":[{"embeddable":true,"href":"https:\/\/hdpnoticias.com.ar\/index.php?rest_route=\/wp\/v2\/media\/7021"}],"wp:attachment":[{"href":"https:\/\/hdpnoticias.com.ar\/index.php?rest_route=%2Fwp%2Fv2%2Fmedia&parent=7020"}],"wp:term":[{"taxonomy":"category","embeddable":true,"href":"https:\/\/hdpnoticias.com.ar\/index.php?rest_route=%2Fwp%2Fv2%2Fcategories&post=7020"},{"taxonomy":"post_tag","embeddable":true,"href":"https:\/\/hdpnoticias.com.ar\/index.php?rest_route=%2Fwp%2Fv2%2Ftags&post=7020"}],"curies":[{"name":"wp","href":"https:\/\/api.w.org\/{rel}","templated":true}]}}