{"id":6997,"date":"2024-05-13T09:22:23","date_gmt":"2024-05-13T12:22:23","guid":{"rendered":"https:\/\/hdpnoticias.com.ar\/?p=6997"},"modified":"2024-05-16T21:10:11","modified_gmt":"2024-05-17T00:10:11","slug":"diputados-quieren-quitarle-el-nombre-nestor-kirchner-al-hospital-de-bermejito","status":"publish","type":"post","link":"https:\/\/hdpnoticias.com.ar\/?p=6997","title":{"rendered":"Diputados quieren quitarle el nombre N\u00e9stor Kirchner al hospital de Bermejito"},"content":{"rendered":"\n<figure class=\"wp-block-image size-full\"><img loading=\"lazy\" decoding=\"async\" width=\"720\" height=\"90\" src=\"http:\/\/hdpnoticias.com.ar\/wp-content\/uploads\/2024\/05\/Copy-of-720x90-1.gif\" alt=\"\" class=\"wp-image-6806\"\/><\/figure>\n\n\n\n<p>Diputados del interbloque Juntos por el Cambio presentaron un proyecto de ley para suprimir el nombre del expresidente de la Naci\u00f3n N\u00e9stor Kirchner como denominaci\u00f3n del hospital de Villa R\u00edo Bermejito.<\/p>\n\n\n\n<p>Al fundamentar, aducen que vecinos de esa ciudad \u201cmanifestaron su deseo\u201d de reemplazar \u201cPte. N\u00e9stor C, Kirchner\u201d por \u201cDr. Humberto E. Ciccetti\u201d como nombre del hospital, en homenaje al m\u00e9dico y militar que prestara servicios ah\u00ed y en Juan Jos\u00e9 Castelli durante la d\u00e9cada de 1960 y hasta su muerte en 1976.<\/p>\n\n\n\n<p>Y al destacar la figura de Ciccetti subrayan su aporte no s\u00f3lo a la salud p\u00fablica sino en otros \u00e1mbitos de la sociedad, principalmente vinculado a las comunidades originarias.<\/p>\n\n\n\n<p>La construcci\u00f3n del actual edificio comenz\u00f3 en 2009 con fondos nacionales, a trav\u00e9s del programa Sue\u00f1os Compartidos, de la Fundaci\u00f3n Madres de Plaza de Mayo, y tras varias interrupciones fue inaugurado a fines de 2012.<\/p>\n\n\n\n<p>El hospital es noticia permanentemente por la falta de insumos, medicamentos y recursos humanos. Tan es as\u00ed que en octubre de 2023 el entonces director: Rub\u00e9n Ernesto Fedeinczyk, renunci\u00f3 por la falta de presupuesto para brindar servicio.<\/p>\n","protected":false},"excerpt":{"rendered":"<p>Diputados del interbloque Juntos por el Cambio presentaron un proyecto de ley para suprimir el nombre del expresidente de la Naci\u00f3n N\u00e9stor Kirchner como denominaci\u00f3n del hospital de Villa R\u00edo Bermejito. Al fundamentar, aducen que vecinos de esa ciudad \u201cmanifestaron su deseo\u201d de reemplazar \u201cPte. N\u00e9stor C, Kirchner\u201d por \u201cDr. Humberto E. Ciccetti\u201d como nombre [&hellip;]<\/p>\n","protected":false},"author":1,"featured_media":3459,"comment_status":"open","ping_status":"open","sticky":false,"template":"","format":"standard","meta":{"footnotes":""},"categories":[27],"tags":[37,450,610,3732,59,3733,678],"class_list":["post-6997","post","type-post","status-publish","format-standard","has-post-thumbnail","hentry","category-politica","tag-chaco","tag-juntos-por-el-cambio","tag-kirchner","tag-madres-de-plaza-de-mayo","tag-nestor","tag-suenos-compartidos","tag-villa-rio-bermejito"],"_links":{"self":[{"href":"https:\/\/hdpnoticias.com.ar\/index.php?rest_route=\/wp\/v2\/posts\/6997","targetHints":{"allow":["GET"]}}],"collection":[{"href":"https:\/\/hdpnoticias.com.ar\/index.php?rest_route=\/wp\/v2\/posts"}],"about":[{"href":"https:\/\/hdpnoticias.com.ar\/index.php?rest_route=\/wp\/v2\/types\/post"}],"author":[{"embeddable":true,"href":"https:\/\/hdpnoticias.com.ar\/index.php?rest_route=\/wp\/v2\/users\/1"}],"replies":[{"embeddable":true,"href":"https:\/\/hdpnoticias.com.ar\/index.php?rest_route=%2Fwp%2Fv2%2Fcomments&post=6997"}],"version-history":[{"count":3,"href":"https:\/\/hdpnoticias.com.ar\/index.php?rest_route=\/wp\/v2\/posts\/6997\/revisions"}],"predecessor-version":[{"id":7041,"href":"https:\/\/hdpnoticias.com.ar\/index.php?rest_route=\/wp\/v2\/posts\/6997\/revisions\/7041"}],"wp:featuredmedia":[{"embeddable":true,"href":"https:\/\/hdpnoticias.com.ar\/index.php?rest_route=\/wp\/v2\/media\/3459"}],"wp:attachment":[{"href":"https:\/\/hdpnoticias.com.ar\/index.php?rest_route=%2Fwp%2Fv2%2Fmedia&parent=6997"}],"wp:term":[{"taxonomy":"category","embeddable":true,"href":"https:\/\/hdpnoticias.com.ar\/index.php?rest_route=%2Fwp%2Fv2%2Fcategories&post=6997"},{"taxonomy":"post_tag","embeddable":true,"href":"https:\/\/hdpnoticias.com.ar\/index.php?rest_route=%2Fwp%2Fv2%2Ftags&post=6997"}],"curies":[{"name":"wp","href":"https:\/\/api.w.org\/{rel}","templated":true}]}}