{"id":6931,"date":"2024-05-08T16:38:58","date_gmt":"2024-05-08T19:38:58","guid":{"rendered":"https:\/\/hdpnoticias.com.ar\/?p=6931"},"modified":"2024-05-08T16:39:00","modified_gmt":"2024-05-08T19:39:00","slug":"sin-colectivos-no-hay-clases-los-docenes-no-pueden-llegar-a-las-escuelas","status":"publish","type":"post","link":"https:\/\/hdpnoticias.com.ar\/?p=6931","title":{"rendered":"Sin colectivos no hay clases: los docenes no pueden llegar a las escuelas"},"content":{"rendered":"\n<figure class=\"wp-block-image size-full\"><img loading=\"lazy\" decoding=\"async\" width=\"720\" height=\"90\" src=\"http:\/\/hdpnoticias.com.ar\/wp-content\/uploads\/2024\/05\/Obras-Publicas.gif\" alt=\"\" class=\"wp-image-6818\"\/><\/figure>\n\n\n\n<p>El paro de trabajadores del transporte urbano e interurbano de pasajeros en demanda del pago de salarios, gener\u00f3 muchos inconvenientes a quienes habitualmente deben trasladarse de un punto a otro, como estudiantes y personal docente.<\/p>\n\n\n\n<p>Este mi\u00e9rcoles, como ocurre en cada medida de fuerza de la UTA, una gran cantidad de docentes manifiestan su imposibilidad de llegar a sus lugares de trabajo por la falta de transporte p\u00fablico.<\/p>\n\n\n\n<p>As\u00ed, el paro de colectiveros impacta de manera sustancial en el sector educativo, ya que la ausencia de los docenes obliga a suspender al menos parcialmente el dictado de clases.<\/p>\n\n\n\n<p>Autoridades escolares advierten que incluso el personal que utiliza regularmente otro medio de movilidad, aprovecha el paro de colectivos para justificar ausencias.<\/p>\n\n\n\n<p>El ausentismo ser\u00e1 m\u00e1s evidente este jueves por el paro general de la CGT al que adhieren no s\u00f3lo la UTA sino tambi\u00e9n la mayor\u00eda de los gremios docentes.<\/p>\n","protected":false},"excerpt":{"rendered":"<p>El paro de trabajadores del transporte urbano e interurbano de pasajeros en demanda del pago de salarios, gener\u00f3 muchos inconvenientes a quienes habitualmente deben trasladarse de un punto a otro, como estudiantes y personal docente. Este mi\u00e9rcoles, como ocurre en cada medida de fuerza de la UTA, una gran cantidad de docentes manifiestan su imposibilidad [&hellip;]<\/p>\n","protected":false},"author":1,"featured_media":6932,"comment_status":"open","ping_status":"open","sticky":false,"template":"","format":"standard","meta":{"footnotes":""},"categories":[6],"tags":[3189,377,140,495,623,1619],"class_list":["post-6931","post","type-post","status-publish","format-standard","has-post-thumbnail","hentry","category-info-general","tag-cgt","tag-colectivos","tag-docentes","tag-paro","tag-transporte","tag-uta"],"_links":{"self":[{"href":"https:\/\/hdpnoticias.com.ar\/index.php?rest_route=\/wp\/v2\/posts\/6931","targetHints":{"allow":["GET"]}}],"collection":[{"href":"https:\/\/hdpnoticias.com.ar\/index.php?rest_route=\/wp\/v2\/posts"}],"about":[{"href":"https:\/\/hdpnoticias.com.ar\/index.php?rest_route=\/wp\/v2\/types\/post"}],"author":[{"embeddable":true,"href":"https:\/\/hdpnoticias.com.ar\/index.php?rest_route=\/wp\/v2\/users\/1"}],"replies":[{"embeddable":true,"href":"https:\/\/hdpnoticias.com.ar\/index.php?rest_route=%2Fwp%2Fv2%2Fcomments&post=6931"}],"version-history":[{"count":1,"href":"https:\/\/hdpnoticias.com.ar\/index.php?rest_route=\/wp\/v2\/posts\/6931\/revisions"}],"predecessor-version":[{"id":6933,"href":"https:\/\/hdpnoticias.com.ar\/index.php?rest_route=\/wp\/v2\/posts\/6931\/revisions\/6933"}],"wp:featuredmedia":[{"embeddable":true,"href":"https:\/\/hdpnoticias.com.ar\/index.php?rest_route=\/wp\/v2\/media\/6932"}],"wp:attachment":[{"href":"https:\/\/hdpnoticias.com.ar\/index.php?rest_route=%2Fwp%2Fv2%2Fmedia&parent=6931"}],"wp:term":[{"taxonomy":"category","embeddable":true,"href":"https:\/\/hdpnoticias.com.ar\/index.php?rest_route=%2Fwp%2Fv2%2Fcategories&post=6931"},{"taxonomy":"post_tag","embeddable":true,"href":"https:\/\/hdpnoticias.com.ar\/index.php?rest_route=%2Fwp%2Fv2%2Ftags&post=6931"}],"curies":[{"name":"wp","href":"https:\/\/api.w.org\/{rel}","templated":true}]}}