{"id":6920,"date":"2024-05-08T06:30:38","date_gmt":"2024-05-08T09:30:38","guid":{"rendered":"https:\/\/hdpnoticias.com.ar\/?p=6920"},"modified":"2024-05-08T07:14:29","modified_gmt":"2024-05-08T10:14:29","slug":"mision-chaquena-en-paraguay-zdero-llevo-mas-periodistas-que-funcionarios","status":"publish","type":"post","link":"https:\/\/hdpnoticias.com.ar\/?p=6920","title":{"rendered":"Misi\u00f3n chaque\u00f1a en Paraguay: Zdero llev\u00f3 m\u00e1s periodistas que funcionarios"},"content":{"rendered":"\n<figure class=\"wp-block-image size-full\"><img loading=\"lazy\" decoding=\"async\" width=\"720\" height=\"90\" src=\"http:\/\/hdpnoticias.com.ar\/wp-content\/uploads\/2024\/05\/Copy-of-720x90-1.gif\" alt=\"\" class=\"wp-image-6806\"\/><\/figure>\n\n\n\n<p>El gobernador Leandro <strong><a href=\"https:\/\/consultatramites.chaco.gob.ar\/download-file\/92125\">Zdero encabez\u00f3 una comitiva<\/a><\/strong> que se reuni\u00f3 este martes en Paraguay con el presidente de ese pa\u00eds: Santiago Pe\u00f1a, para abordar temas comunes.<\/p>\n\n\n\n<p>El decreto que autoriza la misi\u00f3n detalla que integrar\u00edan la comitiva, adem\u00e1s del Gobernador, la secretaria general de la Gobernaci\u00f3n: Carolina Meiri\u00f1o, el secretario de Coordinacion de Gabinete: Livio Guti\u00e9rrez, y el ministro de Seguridad: Hugo Matkovich, m\u00e1s el director de Ceremonial y Protocolo: Orlando Gadotti.<\/p>\n\n\n\n<p>El viaje se realizar\u00eda a bordo de 3 veh\u00edculos oficiales conducidos por sendos choferes de la Polic\u00eda del Chaco, y el VW Virtus particular de Guti\u00e9rrez, conducido por \u00e9l mismo.<\/p>\n\n\n\n<p>La partida ser\u00eda el lunes 6 a las 8, y el regreso estaba previsto para el martes 7 a las 20.<\/p>\n\n\n\n<p>La delegaci\u00f3n se ampli\u00f3 con <strong><a href=\"https:\/\/consultatramites.chaco.gob.ar\/download-file\/93084\">un equipo de prensa integrado por 5 personas<\/a><\/strong> a bordo de otro m\u00f3vil oficial, con el objetivo de informar sobre la misi\u00f3n internacional, aunque la decisi\u00f3n de enviar periodistas reci\u00e9n fue tomada mediante otro decreto cuando los funcionarios ya estaban all\u00e1.<\/p>\n\n\n\n<p>Pero las expectativas de quienes esperaban ansiosos la pormenorizada cobertura de la agenda desplegada por la comitiva en el vecino pa\u00eds, no fue cubierta, ya que a pesar de enviar m\u00e1s periodistas que funcionarios, el sitio oficial del Gobierno s\u00f3lo public\u00f3 un escueto art\u00edculo sobre la reuni\u00f3n con Pe\u00f1a, con declaraciones de manual de Zdero, Meiri\u00f1o, Matkovich y Guti\u00e9rrez.<\/p>\n\n\n\n<p>La versi\u00f3n del equipo chaque\u00f1o sobre el encuentro no difiere del p\u00e1rrafo publicado por el mismo Pe\u00f1a en las redes sociales, que acompa\u00f1\u00f3 con generosas fotograf\u00edas.<\/p>\n\n\n\n<p>Pero adem\u00e1s, y quiz\u00e1s lo m\u00e1s lamentable, es que el numeroso equipo de prensa del Gobierno se haya perdido la capacitaci\u00f3n que expertos de Google dictaban en ese mismo momento en el Domo del Centenario, organizada por la Secretar\u00eda de Asuntos Estrat\u00e9gicos, responsable de la comunicaci\u00f3n gubernamental.<\/p>\n","protected":false},"excerpt":{"rendered":"<p>El gobernador Leandro Zdero encabez\u00f3 una comitiva que se reuni\u00f3 este martes en Paraguay con el presidente de ese pa\u00eds: Santiago Pe\u00f1a, para abordar temas comunes. El decreto que autoriza la misi\u00f3n detalla que integrar\u00edan la comitiva, adem\u00e1s del Gobernador, la secretaria general de la Gobernaci\u00f3n: Carolina Meiri\u00f1o, el secretario de Coordinacion de Gabinete: Livio [&hellip;]<\/p>\n","protected":false},"author":1,"featured_media":6921,"comment_status":"open","ping_status":"open","sticky":false,"template":"","format":"standard","meta":{"footnotes":""},"categories":[27],"tags":[37,244,3696,209,1408,1129,454,839,921],"class_list":["post-6920","post","type-post","status-publish","format-standard","has-post-thumbnail","hentry","category-politica","tag-chaco","tag-gobernador","tag-google","tag-paraguay","tag-pena","tag-prensa","tag-presidente","tag-seguridad","tag-zdero"],"_links":{"self":[{"href":"https:\/\/hdpnoticias.com.ar\/index.php?rest_route=\/wp\/v2\/posts\/6920","targetHints":{"allow":["GET"]}}],"collection":[{"href":"https:\/\/hdpnoticias.com.ar\/index.php?rest_route=\/wp\/v2\/posts"}],"about":[{"href":"https:\/\/hdpnoticias.com.ar\/index.php?rest_route=\/wp\/v2\/types\/post"}],"author":[{"embeddable":true,"href":"https:\/\/hdpnoticias.com.ar\/index.php?rest_route=\/wp\/v2\/users\/1"}],"replies":[{"embeddable":true,"href":"https:\/\/hdpnoticias.com.ar\/index.php?rest_route=%2Fwp%2Fv2%2Fcomments&post=6920"}],"version-history":[{"count":3,"href":"https:\/\/hdpnoticias.com.ar\/index.php?rest_route=\/wp\/v2\/posts\/6920\/revisions"}],"predecessor-version":[{"id":6925,"href":"https:\/\/hdpnoticias.com.ar\/index.php?rest_route=\/wp\/v2\/posts\/6920\/revisions\/6925"}],"wp:featuredmedia":[{"embeddable":true,"href":"https:\/\/hdpnoticias.com.ar\/index.php?rest_route=\/wp\/v2\/media\/6921"}],"wp:attachment":[{"href":"https:\/\/hdpnoticias.com.ar\/index.php?rest_route=%2Fwp%2Fv2%2Fmedia&parent=6920"}],"wp:term":[{"taxonomy":"category","embeddable":true,"href":"https:\/\/hdpnoticias.com.ar\/index.php?rest_route=%2Fwp%2Fv2%2Fcategories&post=6920"},{"taxonomy":"post_tag","embeddable":true,"href":"https:\/\/hdpnoticias.com.ar\/index.php?rest_route=%2Fwp%2Fv2%2Ftags&post=6920"}],"curies":[{"name":"wp","href":"https:\/\/api.w.org\/{rel}","templated":true}]}}