{"id":6912,"date":"2024-05-07T15:42:59","date_gmt":"2024-05-07T18:42:59","guid":{"rendered":"https:\/\/hdpnoticias.com.ar\/?p=6912"},"modified":"2024-05-07T15:43:02","modified_gmt":"2024-05-07T18:43:02","slug":"2-dias-sin-colectivos-los-choferes-no-cobraron-y-habra-paro","status":"publish","type":"post","link":"https:\/\/hdpnoticias.com.ar\/?p=6912","title":{"rendered":"2 d\u00edas sin colectivos: los choferes no cobraron y habr\u00e1 paro"},"content":{"rendered":"\n<figure class=\"wp-block-image size-full\"><img loading=\"lazy\" decoding=\"async\" width=\"728\" height=\"90\" src=\"http:\/\/hdpnoticias.com.ar\/wp-content\/uploads\/2024\/05\/Nachec.gif\" alt=\"\" class=\"wp-image-6814\"\/><\/figure>\n\n\n\n<p>La Uni\u00f3n Tranviaria Automotor convoc\u00f3 a una \u201cabstenci\u00f3n de tareas\u201d este mi\u00e9rcoles en demanda del pago de la totalidad de los salarios a los choferes de colectivos de las empresas de transporte urbano e interurbano de pasajeros.<\/p>\n\n\n\n<p>El secretario general del gremio: Ra\u00fal Abraham, dijo que la medida fue dispuesta al tomar conocimiento que los colectiveros de las empresas de corta distancia s\u00f3lo percibieron el 50% de sus sueldos.<\/p>\n\n\n\n<p>Este paro se sumar\u00e1 al del jueves, convocado por la CGT, al que adhiri\u00f3 la UTA, en protesta contra pol\u00edticas y medidaa implemenstadas por el Gobierno nacional y la aprobaci\u00f3n de la Ley Bases.<\/p>\n","protected":false},"excerpt":{"rendered":"<p>La Uni\u00f3n Tranviaria Automotor convoc\u00f3 a una \u201cabstenci\u00f3n de tareas\u201d este mi\u00e9rcoles en demanda del pago de la totalidad de los salarios a los choferes de colectivos de las empresas de transporte urbano e interurbano de pasajeros. El secretario general del gremio: Ra\u00fal Abraham, dijo que la medida fue dispuesta al tomar conocimiento que los [&hellip;]<\/p>\n","protected":false},"author":1,"featured_media":0,"comment_status":"open","ping_status":"open","sticky":false,"template":"","format":"standard","meta":{"footnotes":""},"categories":[6],"tags":[3029,3189,377,504,1619],"class_list":["post-6912","post","type-post","status-publish","format-standard","hentry","category-info-general","tag-abraham","tag-cgt","tag-colectivos","tag-salarios","tag-uta"],"_links":{"self":[{"href":"https:\/\/hdpnoticias.com.ar\/index.php?rest_route=\/wp\/v2\/posts\/6912","targetHints":{"allow":["GET"]}}],"collection":[{"href":"https:\/\/hdpnoticias.com.ar\/index.php?rest_route=\/wp\/v2\/posts"}],"about":[{"href":"https:\/\/hdpnoticias.com.ar\/index.php?rest_route=\/wp\/v2\/types\/post"}],"author":[{"embeddable":true,"href":"https:\/\/hdpnoticias.com.ar\/index.php?rest_route=\/wp\/v2\/users\/1"}],"replies":[{"embeddable":true,"href":"https:\/\/hdpnoticias.com.ar\/index.php?rest_route=%2Fwp%2Fv2%2Fcomments&post=6912"}],"version-history":[{"count":1,"href":"https:\/\/hdpnoticias.com.ar\/index.php?rest_route=\/wp\/v2\/posts\/6912\/revisions"}],"predecessor-version":[{"id":6913,"href":"https:\/\/hdpnoticias.com.ar\/index.php?rest_route=\/wp\/v2\/posts\/6912\/revisions\/6913"}],"wp:attachment":[{"href":"https:\/\/hdpnoticias.com.ar\/index.php?rest_route=%2Fwp%2Fv2%2Fmedia&parent=6912"}],"wp:term":[{"taxonomy":"category","embeddable":true,"href":"https:\/\/hdpnoticias.com.ar\/index.php?rest_route=%2Fwp%2Fv2%2Fcategories&post=6912"},{"taxonomy":"post_tag","embeddable":true,"href":"https:\/\/hdpnoticias.com.ar\/index.php?rest_route=%2Fwp%2Fv2%2Ftags&post=6912"}],"curies":[{"name":"wp","href":"https:\/\/api.w.org\/{rel}","templated":true}]}}