{"id":6910,"date":"2024-05-07T14:35:01","date_gmt":"2024-05-07T17:35:01","guid":{"rendered":"https:\/\/hdpnoticias.com.ar\/?p=6910"},"modified":"2024-05-07T14:35:04","modified_gmt":"2024-05-07T17:35:04","slug":"el-stj-convalido-la-eleccion-de-la-diputada-ojeda-en-el-consejo-de-la-magistratura","status":"publish","type":"post","link":"https:\/\/hdpnoticias.com.ar\/?p=6910","title":{"rendered":"El STJ convalid\u00f3 la elecci\u00f3n de la diputada Ojeda en el Consejo de la Magistratura"},"content":{"rendered":"\n<figure class=\"wp-block-image size-full\"><img loading=\"lazy\" decoding=\"async\" width=\"720\" height=\"90\" src=\"http:\/\/hdpnoticias.com.ar\/wp-content\/uploads\/2024\/05\/Copy-of-720x90-1.gif\" alt=\"\" class=\"wp-image-6806\"\/><\/figure>\n\n\n\n<p>El Superior Tribunal de Justicia rechaz\u00f3 un planteo del Frente Chaque\u00f1o y convalid\u00f3 la designaci\u00f3n de Gricelda Ojeda como representante de la Legislatura ante el Consejo de la Magistratura y Jurado de Enjuiciamiento.<\/p>\n\n\n\n<p>La oposici\u00f3n hab\u00eda cuestionado la validez de la sesi\u00f3n en la que fue designada por entender que la votaci\u00f3n se realiz\u00f3 sin qu\u00f3rum.<\/p>\n\n\n\n<p>El origen del conflicto fue eminentemente pol\u00edtico: el Frente Chaque\u00f1o pretend\u00eda imponer a Rub\u00e9n Guill\u00f3n como consejero, considerando que le correspond\u00eda como minor\u00eda. Pero la bancada de la Corriente de Expresi\u00f3n Renovadora propuso a Ojeda.<\/p>\n\n\n\n<p>Al momento de la votaci\u00f3n Juntos por el Cambio respald\u00f3 a Ojeda, lo que ofusc\u00f3 sus pares del Frente Chaque\u00f1o que decidieron retirarse dejando el recinto con 17 diputados.<\/p>\n\n\n\n<p>A su turno en la votaci\u00f3n nominal, Dar\u00edo Bacileff Ivanoff, del Frente Integrador, se inclin\u00f3 por Guill\u00f3n e inmediatamente se retir\u00f3 dejando a la sesi\u00f3n con 16 diputados.<\/p>\n\n\n\n<p>Para la oposici\u00f3n, la votaci\u00f3n debi\u00f3 interrumpirse por falta de qu\u00f3rum, pero sigui\u00f3 adelante y finalmente fue consagrada Ojeda por 16 votos, contra 1 de Guill\u00f3n.<\/p>\n\n\n\n<p>El Frente chaque\u00f1o acudi\u00f3 a la Justicia para dirimir la cuesti\u00f3n, que qued\u00f3 zanjada por mayor\u00eda. El presidente el STJ: V\u00edctor Del R\u00edo, Mar\u00eda Valle y Mario Modi, rechazaron el planteo entendiendo que el c\u00f3mputo de 17 votos, lo que equivale a la mitad m\u00e1s uno de los integrantes del cuerpo, demuestra que la votaci\u00f3n se realiz\u00f3 con qu\u00f3rum.<\/p>\n\n\n\n<p>Los jueces consideraron que hab\u00eda qu\u00f3rum al iniciar la votaci\u00f3n, y que aceptar que \u00e9ste sea modificado afectando la instancia de definici\u00f3n abre la posibilidad a que un legislador, con el solo hecho de abandonar el recinto, anule una votaci\u00f3n cuyo resultado no sea de su agrado.<\/p>\n\n\n\n<p>As\u00ed, ratificaron todo lo actuado aquel d\u00eda.<\/p>\n\n\n\n<p>Enrique Varela y Mar\u00eda Grillo votaron en disidencia, entendiendo que al momento de retirarse Bacileff Ivanoff, a\u00fan cuando haya votado, la sesi\u00f3n debi\u00f3 interrumpirse o todo lo actuado a partir de ese momento ser\u00eda nulo.<\/p>\n","protected":false},"excerpt":{"rendered":"<p>El Superior Tribunal de Justicia rechaz\u00f3 un planteo del Frente Chaque\u00f1o y convalid\u00f3 la designaci\u00f3n de Gricelda Ojeda como representante de la Legislatura ante el Consejo de la Magistratura y Jurado de Enjuiciamiento. La oposici\u00f3n hab\u00eda cuestionado la validez de la sesi\u00f3n en la que fue designada por entender que la votaci\u00f3n se realiz\u00f3 sin [&hellip;]<\/p>\n","protected":false},"author":1,"featured_media":6326,"comment_status":"open","ping_status":"open","sticky":false,"template":"","format":"standard","meta":{"footnotes":""},"categories":[27],"tags":[929,250,3693,1052,450,45,863,3444,2419,840,2247],"class_list":["post-6910","post","type-post","status-publish","format-standard","has-post-thumbnail","hentry","category-politica","tag-cer","tag-consejo","tag-del-rio","tag-frente-chaqueno","tag-juntos-por-el-cambio","tag-legislatura","tag-magistratura","tag-ojeda","tag-quorum","tag-stj","tag-votacion"],"_links":{"self":[{"href":"https:\/\/hdpnoticias.com.ar\/index.php?rest_route=\/wp\/v2\/posts\/6910","targetHints":{"allow":["GET"]}}],"collection":[{"href":"https:\/\/hdpnoticias.com.ar\/index.php?rest_route=\/wp\/v2\/posts"}],"about":[{"href":"https:\/\/hdpnoticias.com.ar\/index.php?rest_route=\/wp\/v2\/types\/post"}],"author":[{"embeddable":true,"href":"https:\/\/hdpnoticias.com.ar\/index.php?rest_route=\/wp\/v2\/users\/1"}],"replies":[{"embeddable":true,"href":"https:\/\/hdpnoticias.com.ar\/index.php?rest_route=%2Fwp%2Fv2%2Fcomments&post=6910"}],"version-history":[{"count":1,"href":"https:\/\/hdpnoticias.com.ar\/index.php?rest_route=\/wp\/v2\/posts\/6910\/revisions"}],"predecessor-version":[{"id":6911,"href":"https:\/\/hdpnoticias.com.ar\/index.php?rest_route=\/wp\/v2\/posts\/6910\/revisions\/6911"}],"wp:featuredmedia":[{"embeddable":true,"href":"https:\/\/hdpnoticias.com.ar\/index.php?rest_route=\/wp\/v2\/media\/6326"}],"wp:attachment":[{"href":"https:\/\/hdpnoticias.com.ar\/index.php?rest_route=%2Fwp%2Fv2%2Fmedia&parent=6910"}],"wp:term":[{"taxonomy":"category","embeddable":true,"href":"https:\/\/hdpnoticias.com.ar\/index.php?rest_route=%2Fwp%2Fv2%2Fcategories&post=6910"},{"taxonomy":"post_tag","embeddable":true,"href":"https:\/\/hdpnoticias.com.ar\/index.php?rest_route=%2Fwp%2Fv2%2Ftags&post=6910"}],"curies":[{"name":"wp","href":"https:\/\/api.w.org\/{rel}","templated":true}]}}