{"id":6879,"date":"2024-05-05T21:15:06","date_gmt":"2024-05-06T00:15:06","guid":{"rendered":"https:\/\/hdpnoticias.com.ar\/?p=6879"},"modified":"2024-05-05T22:46:49","modified_gmt":"2024-05-06T01:46:49","slug":"andaba-en-un-audi-sin-papeles-y-mintio-que-le-robaron-700-mil-pesos","status":"publish","type":"post","link":"https:\/\/hdpnoticias.com.ar\/?p=6879","title":{"rendered":"Andaba en un Audi sin papeles y minti\u00f3 que le robaron 700 mil pesos"},"content":{"rendered":"\n<figure class=\"wp-block-image size-full\"><img loading=\"lazy\" decoding=\"async\" width=\"728\" height=\"90\" src=\"http:\/\/hdpnoticias.com.ar\/wp-content\/uploads\/2024\/05\/Nachec.gif\" alt=\"\" class=\"wp-image-6814\"\/><\/figure>\n\n\n\n<p>Un hombre de 38 a\u00f1os, que se present\u00f3 como cabo del Servicio Penitenciario correntino, domiciliado en el barrio 500 Viviendas, de Barranqueras, denunci\u00f3 la ma\u00f1ana de este domingo haber sido v\u00edctima de un robo.<\/p>\n\n\n\n<p>Relat\u00f3 que detuvo su autom\u00f3vil en la avenida 9 de Julio al 2800 cuando advirti\u00f3 una falla mec\u00e1nica, y que al descender un sujeto lo abord\u00f3 y enca\u00f1on\u00e1ndolo con una pistola lo oblig\u00f3 a recorrer la ciudad. El periplo durante el que permaneci\u00f3 pr\u00e1cticamente secuestrado, termin\u00f3 en inmediaciones del barrio Toba, donde el delincuente le rob\u00f3 700 mil pesos y su tel\u00e9fono celular.<\/p>\n\n\n\n<p>Al formalizar la denuncia le solicitaron la documentaci\u00f3n del auto, pero no la ten\u00eda consigo. Y cuando los polic\u00edas verificaban n\u00fameros de motor y chasis, a instancias de la Fiscal\u00eda en turno, intent\u00f3 darse a la fuga.<\/p>\n\n\n\n<p>La investigaci\u00f3n continu\u00f3, y tras revisar grabaciones de las c\u00e1maras de seguridad de las zonas en las que dijo que ocurrieron los hechos denunciados, descubrieron que estos no hab\u00edan ocurrido. Tamb\u00e9n se supo que ya no integraba la fuerza de seguridad correntina, de la que fue exonerado hace un a\u00f1o.<\/p>\n\n\n\n<p>Termin\u00f3 detenido.<\/p>\n","protected":false},"excerpt":{"rendered":"<p>Un hombre de 38 a\u00f1os, que se present\u00f3 como cabo del Servicio Penitenciario correntino, domiciliado en el barrio 500 Viviendas, de Barranqueras, denunci\u00f3 la ma\u00f1ana de este domingo haber sido v\u00edctima de un robo. Relat\u00f3 que detuvo su autom\u00f3vil en la avenida 9 de Julio al 2800 cuando advirti\u00f3 una falla mec\u00e1nica, y que al [&hellip;]<\/p>\n","protected":false},"author":1,"featured_media":6880,"comment_status":"open","ping_status":"open","sticky":false,"template":"","format":"standard","meta":{"footnotes":""},"categories":[26],"tags":[3686,53,3687,169,1272,49,57],"class_list":["post-6879","post","type-post","status-publish","format-standard","has-post-thumbnail","hentry","category-policiales","tag-audi","tag-barranqueras","tag-chasis","tag-corrientes","tag-penitenciario","tag-resistencia","tag-robo"],"_links":{"self":[{"href":"https:\/\/hdpnoticias.com.ar\/index.php?rest_route=\/wp\/v2\/posts\/6879","targetHints":{"allow":["GET"]}}],"collection":[{"href":"https:\/\/hdpnoticias.com.ar\/index.php?rest_route=\/wp\/v2\/posts"}],"about":[{"href":"https:\/\/hdpnoticias.com.ar\/index.php?rest_route=\/wp\/v2\/types\/post"}],"author":[{"embeddable":true,"href":"https:\/\/hdpnoticias.com.ar\/index.php?rest_route=\/wp\/v2\/users\/1"}],"replies":[{"embeddable":true,"href":"https:\/\/hdpnoticias.com.ar\/index.php?rest_route=%2Fwp%2Fv2%2Fcomments&post=6879"}],"version-history":[{"count":2,"href":"https:\/\/hdpnoticias.com.ar\/index.php?rest_route=\/wp\/v2\/posts\/6879\/revisions"}],"predecessor-version":[{"id":6883,"href":"https:\/\/hdpnoticias.com.ar\/index.php?rest_route=\/wp\/v2\/posts\/6879\/revisions\/6883"}],"wp:featuredmedia":[{"embeddable":true,"href":"https:\/\/hdpnoticias.com.ar\/index.php?rest_route=\/wp\/v2\/media\/6880"}],"wp:attachment":[{"href":"https:\/\/hdpnoticias.com.ar\/index.php?rest_route=%2Fwp%2Fv2%2Fmedia&parent=6879"}],"wp:term":[{"taxonomy":"category","embeddable":true,"href":"https:\/\/hdpnoticias.com.ar\/index.php?rest_route=%2Fwp%2Fv2%2Fcategories&post=6879"},{"taxonomy":"post_tag","embeddable":true,"href":"https:\/\/hdpnoticias.com.ar\/index.php?rest_route=%2Fwp%2Fv2%2Ftags&post=6879"}],"curies":[{"name":"wp","href":"https:\/\/api.w.org\/{rel}","templated":true}]}}