{"id":6873,"date":"2024-05-05T15:46:43","date_gmt":"2024-05-05T18:46:43","guid":{"rendered":"https:\/\/hdpnoticias.com.ar\/?p=6873"},"modified":"2024-05-05T21:09:20","modified_gmt":"2024-05-06T00:09:20","slug":"emergencia-sanitaria-los-2-somos-mentirosos","status":"publish","type":"post","link":"https:\/\/hdpnoticias.com.ar\/?p=6873","title":{"rendered":"Emergencia sanitaria: los 2 somos mentirosos"},"content":{"rendered":"\n<figure class=\"wp-block-image size-full\"><img decoding=\"async\" src=\"https:\/\/hdpnoticias.com.ar\/wp-content\/uploads\/2024\/05\/Obras-Publicas-1.gif\" alt=\"\" class=\"wp-image-6875\"\/><\/figure>\n\n\n\n<p>Por Dar\u00edo Zarco |<\/p>\n\n\n\n<p>Cuenta don Luis Landriscina que un colimba que quer\u00eda un fin de semana libre encar\u00f3 a su superior: \u201cSe\u00f1or: acabo de recibir una carta en la que me dicen que mi mujer est\u00e1 muy enferma. Necesito ir a verla\u201d. Y el jefe, acostumbrado a rechazar autom\u00e1ticamente todo tipo de excusas, le plantea: \u201cSi le digo que reci\u00e9n se comunic\u00f3 su mujer diciendo que se encuentra en perfecto estado de salud, \u00bfqu\u00e9 me dir\u00eda usted?\u201d. Y, resignado por la ca\u00edda de su plan, el conscripto contraataca con sinceridad: \u201cLe dir\u00eda que los 2 somos mentirosos, porque yo no tengo mujer\u201d.<\/p>\n\n\n\n<p>El 19 de marzo, cuando cumpl\u00eda 100 d\u00edas de gesti\u00f3n, el gobernador Leandro Zdero decret\u00f3 el estado de <strong><a href=\"https:\/\/hdpnoticias.com.ar\/?p=6305\">emergencia del sistema sanitario por 6 meses<\/a><\/strong> por la falta de insumos y medicamentos en Salud P\u00fablica. Una medida doble faz: al frente la cuesti\u00f3n administrativa, y en el dorso la pol\u00edtica: el certificado de la crisis en la que asegura haber recibido la salud de manos de su antecesor Jorge Capitanich.<\/p>\n\n\n\n<p>Prima facie, llam\u00f3 la atenci\u00f3n que la declaraci\u00f3n de emergencia sea retroactiva al 1 de enero. Por lo que s\u00f3lo quedaba la mitad del tiempo para resolverla apelando a la flexibilizaci\u00f3n de los montos y plazos de compras de lo que hiciera falta.<\/p>\n\n\n\n<p>Si la retroactividad hubiera sido <strong><a href=\"https:\/\/hdpnoticias.com.ar\/?p=6514\">un error de redacci\u00f3n del decreto, como ya hubo en varios<\/a><\/strong> decretos sensibles, ser\u00eda muy f\u00e1cil enmendarlo, pero no se enmend\u00f3, y tal cual fue enviado a la Legislatura para su ratificaci\u00f3n.<\/p>\n\n\n\n<p>La l\u00f3gica dec\u00eda que desde el Frente Chaque\u00f1o defender\u00edan la gesti\u00f3n de su l\u00edder y conductor negando tal crisis o atenuando su gravedad, sin embargo la admitieron en todos sus t\u00e9rminos. Y se consolaron denunciando que la emergencia propon\u00eda volver al 1 de enero para encubrir un descontrol administrativo ya consumado en Salud al que <strong><a href=\"https:\/\/hdpnoticias.com.ar\/?p=6545\">el ministro Sergio Rodr\u00edguez, al intentar defenderse, le puso la firma<\/a><\/strong>.<\/p>\n\n\n\n<p>Pero los diputados opositores sorprendieron al proponer otro viaje en el tiempo: declarar el estado de emergencia por los mismos motivos que el Gobernador pero a partir del 1 de abril. El proyecto ingres\u00f3 el 4 de abril y reci\u00e9n intentaron aprobarlo el martes 30 en una sesi\u00f3n especial e improbable por la falta de qu\u00f3rum, un d\u00eda despu\u00e9s de que el oficialismo aprobara el suyo.<\/p>\n\n\n\n<p>Al decir del colimba de Landriscina: \u201cLos 2 somos mentirosos\u201d.<\/p>\n\n\n\n<p>Tarea para la casa: en proyectos de ley de este tipo, evaluar la conveniencia de prever su aplicaci\u00f3n \u201ca partir de la vigencia de la presente\u2026\u201d.<\/p>\n","protected":false},"excerpt":{"rendered":"<p>Por Dar\u00edo Zarco | Cuenta don Luis Landriscina que un colimba que quer\u00eda un fin de semana libre encar\u00f3 a su superior: \u201cSe\u00f1or: acabo de recibir una carta en la que me dicen que mi mujer est\u00e1 muy enferma. Necesito ir a verla\u201d. Y el jefe, acostumbrado a rechazar autom\u00e1ticamente todo tipo de excusas, le [&hellip;]<\/p>\n","protected":false},"author":1,"featured_media":5032,"comment_status":"open","ping_status":"open","sticky":false,"template":"","format":"standard","meta":{"footnotes":""},"categories":[2],"tags":[29,3520,943,2077,1052,2759,36,587,2949,921],"class_list":["post-6873","post","type-post","status-publish","format-standard","has-post-thumbnail","hentry","category-editorial","tag-capitanich","tag-compras","tag-decreto","tag-emergencia","tag-frente-chaqueno","tag-gestion","tag-gobierno","tag-ley","tag-licitaciones","tag-zdero"],"_links":{"self":[{"href":"https:\/\/hdpnoticias.com.ar\/index.php?rest_route=\/wp\/v2\/posts\/6873","targetHints":{"allow":["GET"]}}],"collection":[{"href":"https:\/\/hdpnoticias.com.ar\/index.php?rest_route=\/wp\/v2\/posts"}],"about":[{"href":"https:\/\/hdpnoticias.com.ar\/index.php?rest_route=\/wp\/v2\/types\/post"}],"author":[{"embeddable":true,"href":"https:\/\/hdpnoticias.com.ar\/index.php?rest_route=\/wp\/v2\/users\/1"}],"replies":[{"embeddable":true,"href":"https:\/\/hdpnoticias.com.ar\/index.php?rest_route=%2Fwp%2Fv2%2Fcomments&post=6873"}],"version-history":[{"count":3,"href":"https:\/\/hdpnoticias.com.ar\/index.php?rest_route=\/wp\/v2\/posts\/6873\/revisions"}],"predecessor-version":[{"id":6878,"href":"https:\/\/hdpnoticias.com.ar\/index.php?rest_route=\/wp\/v2\/posts\/6873\/revisions\/6878"}],"wp:featuredmedia":[{"embeddable":true,"href":"https:\/\/hdpnoticias.com.ar\/index.php?rest_route=\/wp\/v2\/media\/5032"}],"wp:attachment":[{"href":"https:\/\/hdpnoticias.com.ar\/index.php?rest_route=%2Fwp%2Fv2%2Fmedia&parent=6873"}],"wp:term":[{"taxonomy":"category","embeddable":true,"href":"https:\/\/hdpnoticias.com.ar\/index.php?rest_route=%2Fwp%2Fv2%2Fcategories&post=6873"},{"taxonomy":"post_tag","embeddable":true,"href":"https:\/\/hdpnoticias.com.ar\/index.php?rest_route=%2Fwp%2Fv2%2Ftags&post=6873"}],"curies":[{"name":"wp","href":"https:\/\/api.w.org\/{rel}","templated":true}]}}