{"id":6837,"date":"2024-05-02T21:51:59","date_gmt":"2024-05-03T00:51:59","guid":{"rendered":"https:\/\/hdpnoticias.com.ar\/?p=6837"},"modified":"2024-05-02T21:52:39","modified_gmt":"2024-05-03T00:52:39","slug":"la-ministra-bullrich-participo-de-la-quema-de-350-kilos-de-cocaina-en-chaco","status":"publish","type":"post","link":"https:\/\/hdpnoticias.com.ar\/?p=6837","title":{"rendered":"La ministra Bullrich particip\u00f3 de la quema de 350 kilos de coca\u00edna en Chaco"},"content":{"rendered":"\n<figure class=\"wp-block-image size-full\"><img loading=\"lazy\" decoding=\"async\" width=\"728\" height=\"90\" src=\"http:\/\/hdpnoticias.com.ar\/wp-content\/uploads\/2024\/05\/Nachec.gif\" alt=\"\" class=\"wp-image-6814\"\/><\/figure>\n\n\n\n<p>La ministra de Seguridad de la Naci\u00f3n: Patricia Bullrich, visit\u00f3 la provincia este jueves y encabez\u00f3 junto al gobernador Leandro Zdero la apertura a la Jornada de Fortalecimiento en la Investigaci\u00f3n Criminal para el Abordaje Eficaz de los Delitos Complejos, que se desarrolla en el Centro de Convenciones Gala con la participaci\u00f3n de funcionarios de seguridad de todas las provincias del Norte Grande.<\/p>\n\n\n\n<p>En el marco de este encuentro, ambos participaron de la quema de alrededor de 350 kilos de coca\u00edna secuestrada en diferentes procedimientos, que se realiz\u00f3 en el Instituto de Medicina y Ciencias Forenses, en el kil\u00f3metro 1008 de la ruta nacional 11.<\/p>\n\n\n\n<p>Tambi\u00e9n participaron la vicegobernadora Silvana Schneider, el ministro de Seguridad de la Provincia: Hugo Matkovich; el secretario coordinador de Gabinete: Livio Guti\u00e9rrez; la subsecretaria de Narcotr\u00e1fico y Crimen Organizado: Anal\u00eda Ram\u00edrez; el presidente del Superior Tribunal de Justicia: V\u00edctor Del R\u00edo; la jueza federal Zunilda Niremperger; la fiscal Antidrogas Maria Arechavala Viola, entre otros funcionarios, adem\u00e1s de jefes de las fuerzas de seguridad provinciales y nacionales.<\/p>\n","protected":false},"excerpt":{"rendered":"<p>La ministra de Seguridad de la Naci\u00f3n: Patricia Bullrich, visit\u00f3 la provincia este jueves y encabez\u00f3 junto al gobernador Leandro Zdero la apertura a la Jornada de Fortalecimiento en la Investigaci\u00f3n Criminal para el Abordaje Eficaz de los Delitos Complejos, que se desarrolla en el Centro de Convenciones Gala con la participaci\u00f3n de funcionarios de [&hellip;]<\/p>\n","protected":false},"author":1,"featured_media":6838,"comment_status":"open","ping_status":"open","sticky":false,"template":"","format":"standard","meta":{"footnotes":""},"categories":[27],"tags":[559,37,123,182,3673,178,839,921],"class_list":["post-6837","post","type-post","status-publish","format-standard","has-post-thumbnail","hentry","category-politica","tag-bullrich","tag-chaco","tag-cocaina","tag-narcotrafico","tag-niremperjer","tag-norte-grande","tag-seguridad","tag-zdero"],"_links":{"self":[{"href":"https:\/\/hdpnoticias.com.ar\/index.php?rest_route=\/wp\/v2\/posts\/6837","targetHints":{"allow":["GET"]}}],"collection":[{"href":"https:\/\/hdpnoticias.com.ar\/index.php?rest_route=\/wp\/v2\/posts"}],"about":[{"href":"https:\/\/hdpnoticias.com.ar\/index.php?rest_route=\/wp\/v2\/types\/post"}],"author":[{"embeddable":true,"href":"https:\/\/hdpnoticias.com.ar\/index.php?rest_route=\/wp\/v2\/users\/1"}],"replies":[{"embeddable":true,"href":"https:\/\/hdpnoticias.com.ar\/index.php?rest_route=%2Fwp%2Fv2%2Fcomments&post=6837"}],"version-history":[{"count":2,"href":"https:\/\/hdpnoticias.com.ar\/index.php?rest_route=\/wp\/v2\/posts\/6837\/revisions"}],"predecessor-version":[{"id":6841,"href":"https:\/\/hdpnoticias.com.ar\/index.php?rest_route=\/wp\/v2\/posts\/6837\/revisions\/6841"}],"wp:featuredmedia":[{"embeddable":true,"href":"https:\/\/hdpnoticias.com.ar\/index.php?rest_route=\/wp\/v2\/media\/6838"}],"wp:attachment":[{"href":"https:\/\/hdpnoticias.com.ar\/index.php?rest_route=%2Fwp%2Fv2%2Fmedia&parent=6837"}],"wp:term":[{"taxonomy":"category","embeddable":true,"href":"https:\/\/hdpnoticias.com.ar\/index.php?rest_route=%2Fwp%2Fv2%2Fcategories&post=6837"},{"taxonomy":"post_tag","embeddable":true,"href":"https:\/\/hdpnoticias.com.ar\/index.php?rest_route=%2Fwp%2Fv2%2Ftags&post=6837"}],"curies":[{"name":"wp","href":"https:\/\/api.w.org\/{rel}","templated":true}]}}