{"id":6829,"date":"2024-05-02T11:07:08","date_gmt":"2024-05-02T14:07:08","guid":{"rendered":"https:\/\/hdpnoticias.com.ar\/?p=6829"},"modified":"2024-05-02T11:07:11","modified_gmt":"2024-05-02T14:07:11","slug":"caso-cecilia-el-ministro-y-exfiscal-gomez-cree-que-marcela-y-emerenciano-son-coautores","status":"publish","type":"post","link":"https:\/\/hdpnoticias.com.ar\/?p=6829","title":{"rendered":"Caso Cecilia: el ministro y exfiscal G\u00f3mez cree que Marcela y Emerenciano son coautores"},"content":{"rendered":"\n<figure class=\"wp-block-image size-full\"><img loading=\"lazy\" decoding=\"async\" width=\"720\" height=\"90\" src=\"http:\/\/hdpnoticias.com.ar\/wp-content\/uploads\/2024\/05\/Obras-Publicas.gif\" alt=\"\" class=\"wp-image-6818\"\/><\/figure>\n\n\n\n<p>El gobernador Leandro Zdero difundi\u00f3 a trav\u00e9s de las redes sociales que instruy\u00f3 al ministro de Gobierno, Justicia, Trabajo y Derechos Humanos: Jorge G\u00f3mez, apelar la decisi\u00f3n del Equipo Fiscal Especial de cambiar la imputaci\u00f3n para Emerenciano Sena y Marcela Acu\u00f1a en la causa por el crimen de Cecilia Strzyzowski, <strong><a href=\"https:\/\/hdpnoticias.com.ar\/?p=6774\">pasando de coautores a part\u00edcipes primarios<\/a><\/strong>.<\/p>\n\n\n\n<p>La Provincia, a trav\u00e9s de la Subsecretar\u00eda de G\u00e9nero es querellante en la causa que investiga el femicidio de Cecilia, expareja de C\u00e9sar Sena, hijo de los dirigentes sociales, imputado como autor.<\/p>\n\n\n\n<p>El ministro, que integr\u00f3 el EFE hasta asumir su cargo el 10 de diciembre pasado, dijo estar convencido de que hay elementos suficientes para demostrar la coautor\u00eda de Emerenciano y Marcela en el asesinato.<\/p>\n\n\n\n<p>La pena prevista tanto para los coautores como para los part\u00edcipes necesarios, es id\u00e9ntica a la estipulada para el autor, en este caso: prisi\u00f3n perpetua. Por lo que la b\u00fasqueda del Gobernador de lograr la \u201cmayor condena\u201d para los responsables del crimen, estar\u00eda contemplada si los imputados fueran considerados culpables en el juicio por jurados previsto para el caso.<\/p>\n\n\n\n<p>No obstante esto, el funcionario dijo que no se trata s\u00f3lo del quantum de la pena, sino de determinar con la mayor precisi\u00f3n qu\u00e9 rol le cupo a cada uno de los involucrados.<\/p>\n\n\n\n<p>Zdero insisti\u00f3 esta ma\u00f1ana en que pondr\u00e1 todos los medios que disponga el Estado para llevar hasta las \u00faltimas consecuencias la investigaci\u00f3n para que los culpables sean condenados, y defini\u00f3 este caso como \u201cuna herida abierta en la sociedad chaque\u00f1a\u201d.<\/p>\n\n\n\n<p>El fiscal Mart\u00edn Bogado, que reemplaz\u00f3 a G\u00f3mez en el EFE, consider\u00f3 que, en estas circunstancias, la apelaci\u00f3n es casi una herramienta para la defensa que, por su experiencia, interpreta que buscar\u00e1 dilatar los plazos.<\/p>\n\n\n\n<p>El plazo de 3 d\u00edas para presentar el recurso comenz\u00f3 a correr este jueves y el plazo de gracia se agota el pr\u00f3ximo martes a las 9.<\/p>\n","protected":false},"excerpt":{"rendered":"<p>El gobernador Leandro Zdero difundi\u00f3 a trav\u00e9s de las redes sociales que instruy\u00f3 al ministro de Gobierno, Justicia, Trabajo y Derechos Humanos: Jorge G\u00f3mez, apelar la decisi\u00f3n del Equipo Fiscal Especial de cambiar la imputaci\u00f3n para Emerenciano Sena y Marcela Acu\u00f1a en la causa por el crimen de Cecilia Strzyzowski, pasando de coautores a part\u00edcipes [&hellip;]<\/p>\n","protected":false},"author":1,"featured_media":2666,"comment_status":"open","ping_status":"open","sticky":false,"template":"","format":"standard","meta":{"footnotes":""},"categories":[27],"tags":[1813,1812,793,409,485,524,1787,280,798,1854,921],"class_list":["post-6829","post","type-post","status-publish","format-standard","has-post-thumbnail","hentry","category-politica","tag-cecilia","tag-cesar","tag-emerenciano","tag-femicidio","tag-genero","tag-gomez","tag-marcela","tag-perpetua","tag-sena","tag-strzyzowski","tag-zdero"],"_links":{"self":[{"href":"https:\/\/hdpnoticias.com.ar\/index.php?rest_route=\/wp\/v2\/posts\/6829","targetHints":{"allow":["GET"]}}],"collection":[{"href":"https:\/\/hdpnoticias.com.ar\/index.php?rest_route=\/wp\/v2\/posts"}],"about":[{"href":"https:\/\/hdpnoticias.com.ar\/index.php?rest_route=\/wp\/v2\/types\/post"}],"author":[{"embeddable":true,"href":"https:\/\/hdpnoticias.com.ar\/index.php?rest_route=\/wp\/v2\/users\/1"}],"replies":[{"embeddable":true,"href":"https:\/\/hdpnoticias.com.ar\/index.php?rest_route=%2Fwp%2Fv2%2Fcomments&post=6829"}],"version-history":[{"count":1,"href":"https:\/\/hdpnoticias.com.ar\/index.php?rest_route=\/wp\/v2\/posts\/6829\/revisions"}],"predecessor-version":[{"id":6830,"href":"https:\/\/hdpnoticias.com.ar\/index.php?rest_route=\/wp\/v2\/posts\/6829\/revisions\/6830"}],"wp:featuredmedia":[{"embeddable":true,"href":"https:\/\/hdpnoticias.com.ar\/index.php?rest_route=\/wp\/v2\/media\/2666"}],"wp:attachment":[{"href":"https:\/\/hdpnoticias.com.ar\/index.php?rest_route=%2Fwp%2Fv2%2Fmedia&parent=6829"}],"wp:term":[{"taxonomy":"category","embeddable":true,"href":"https:\/\/hdpnoticias.com.ar\/index.php?rest_route=%2Fwp%2Fv2%2Fcategories&post=6829"},{"taxonomy":"post_tag","embeddable":true,"href":"https:\/\/hdpnoticias.com.ar\/index.php?rest_route=%2Fwp%2Fv2%2Ftags&post=6829"}],"curies":[{"name":"wp","href":"https:\/\/api.w.org\/{rel}","templated":true}]}}