{"id":6825,"date":"2024-05-01T23:40:00","date_gmt":"2024-05-02T02:40:00","guid":{"rendered":"https:\/\/hdpnoticias.com.ar\/?p=6825"},"modified":"2024-05-02T08:50:16","modified_gmt":"2024-05-02T11:50:16","slug":"un-policia-murio-en-choque-de-motos-en-la-zona-sur-de-resistencia","status":"publish","type":"post","link":"https:\/\/hdpnoticias.com.ar\/?p=6825","title":{"rendered":"Un polic\u00eda muri\u00f3 en choque de motos en la zona sur de Resistencia"},"content":{"rendered":"\n<figure class=\"wp-block-image size-full\"><img loading=\"lazy\" decoding=\"async\" width=\"720\" height=\"90\" src=\"http:\/\/hdpnoticias.com.ar\/wp-content\/uploads\/2024\/05\/Copy-of-720x90-1.gif\" alt=\"\" class=\"wp-image-6806\"\/><\/figure>\n\n\n\n<p><\/p>\n\n\n\n<p>Juan Carlos Dom\u00ednguez, sargento primero de la Polic\u00eda del Chaco, muri\u00f3 el atardecer de este mi\u00e9rcoles en un accidente de tr\u00e1nsito en la zona sur de Resistencia.<\/p>\n\n\n\n<p>Minutos despu\u00e9s de las 19, conduc\u00eda una Zanella ZB hacia la Comisar\u00eda Tercera de Fontana, donde presta servicios, cuando se top\u00f3 con una Yamaha YTZ, en la que circulaba un hombre de 24 a\u00f1os.<\/p>\n\n\n\n<p>Aparentemente, por la visibilidad reducida y el pavimento mojado por la intensa lluvia que ca\u00eda en ese momento, no lograron evitar el impacto y ambos cayeron.<\/p>\n\n\n\n<p>El polic\u00eda muri\u00f3 en el acto, mientras el otro motociclista fue auxiliado y trasladado en grave estado al hospital Perrando.<\/p>\n","protected":false},"excerpt":{"rendered":"<p>Juan Carlos Dom\u00ednguez, sargento primero de la Polic\u00eda del Chaco, muri\u00f3 el atardecer de este mi\u00e9rcoles en un accidente de tr\u00e1nsito en la zona sur de Resistencia. Minutos despu\u00e9s de las 19, conduc\u00eda una Zanella ZB hacia la Comisar\u00eda Tercera de Fontana, donde presta servicios, cuando se top\u00f3 con una Yamaha YTZ, en la que [&hellip;]<\/p>\n","protected":false},"author":1,"featured_media":6826,"comment_status":"open","ping_status":"open","sticky":false,"template":"","format":"standard","meta":{"footnotes":""},"categories":[26],"tags":[37,75,55,49,1424,3015,1773,77,1690,97],"class_list":["post-6825","post","type-post","status-publish","format-standard","has-post-thumbnail","hentry","category-policiales","tag-chaco","tag-fontana","tag-policia","tag-resistencia","tag-soberania-nacional","tag-xtz","tag-yamaha","tag-zanella","tag-zb","tag-zona-sur"],"_links":{"self":[{"href":"https:\/\/hdpnoticias.com.ar\/index.php?rest_route=\/wp\/v2\/posts\/6825","targetHints":{"allow":["GET"]}}],"collection":[{"href":"https:\/\/hdpnoticias.com.ar\/index.php?rest_route=\/wp\/v2\/posts"}],"about":[{"href":"https:\/\/hdpnoticias.com.ar\/index.php?rest_route=\/wp\/v2\/types\/post"}],"author":[{"embeddable":true,"href":"https:\/\/hdpnoticias.com.ar\/index.php?rest_route=\/wp\/v2\/users\/1"}],"replies":[{"embeddable":true,"href":"https:\/\/hdpnoticias.com.ar\/index.php?rest_route=%2Fwp%2Fv2%2Fcomments&post=6825"}],"version-history":[{"count":1,"href":"https:\/\/hdpnoticias.com.ar\/index.php?rest_route=\/wp\/v2\/posts\/6825\/revisions"}],"predecessor-version":[{"id":6827,"href":"https:\/\/hdpnoticias.com.ar\/index.php?rest_route=\/wp\/v2\/posts\/6825\/revisions\/6827"}],"wp:featuredmedia":[{"embeddable":true,"href":"https:\/\/hdpnoticias.com.ar\/index.php?rest_route=\/wp\/v2\/media\/6826"}],"wp:attachment":[{"href":"https:\/\/hdpnoticias.com.ar\/index.php?rest_route=%2Fwp%2Fv2%2Fmedia&parent=6825"}],"wp:term":[{"taxonomy":"category","embeddable":true,"href":"https:\/\/hdpnoticias.com.ar\/index.php?rest_route=%2Fwp%2Fv2%2Fcategories&post=6825"},{"taxonomy":"post_tag","embeddable":true,"href":"https:\/\/hdpnoticias.com.ar\/index.php?rest_route=%2Fwp%2Fv2%2Ftags&post=6825"}],"curies":[{"name":"wp","href":"https:\/\/api.w.org\/{rel}","templated":true}]}}