{"id":6774,"date":"2024-04-29T10:48:01","date_gmt":"2024-04-29T13:48:01","guid":{"rendered":"https:\/\/hdpnoticias.com.ar\/?p=6774"},"modified":"2024-04-29T10:48:03","modified_gmt":"2024-04-29T13:48:03","slug":"caso-cecilia-cambiaron-las-imputaciones-a-emerenciano-y-marcela","status":"publish","type":"post","link":"https:\/\/hdpnoticias.com.ar\/?p=6774","title":{"rendered":"Caso Cecilia: cambiaron las imputaciones a Emerenciano y Marcela"},"content":{"rendered":"\n<p>El Equipo Fiscal Especial que investiga el asesinato y desaparici\u00f3n de Cecilia Strzyzowski inform\u00f3 este lunes el cambio de imputaci\u00f3n para los 3 integrantes del denominado \u201cClan Sena\u201d: C\u00e9sar Sena, expareja de la v\u00edctima, y sus padres, los dirigentes sociales Emerenciano Sena y Marcela Acu\u00f1a.<\/p>\n\n\n\n<p>Hasta ahora estaban imputados como coautores del femicidio de Cecilia, pero los fiscales replantearon el hecho y el escenario del mismo, y ratificaron su argumento que se\u00f1ala a C\u00e9sar como autor del femicidio, pero encuadr\u00f3 a Emerenciano y Marcela como \u201cpart\u00edcipes primarios\u201d.<\/p>\n\n\n\n<p>Las modificaciones en la acusaci\u00f3n, si bien modifica sustancialmente la responsabilidad de ambos en el hecho y ofrece a la defensa nuevas aristas para explotar, no influye en la prisi\u00f3n preventiva que pesa ellos, ya que la participaci\u00f3n atribuida prev\u00e9 la misma pena que le corresponder\u00eda al autor.<\/p>\n\n\n\n<p>La decisi\u00f3n se dio al abrir la ventana de tiempo en la que habr\u00eda ocurrido el crimen. Hasta este momento estaba acotada a algunos minutos despu\u00e9s del mediod\u00eda, cuando los 3 integrantes de la familia Sena coincidieron en la casa de la calle Santa Mar\u00eda de Oro, y ahora contempla la posibilidad de que Cecilia haya sido asesinada durante la ma\u00f1ana, a partir del momento en que arrib\u00f3 con C\u00e9sar, cuando Marcela y Emerenciano ya no se encontraban.<\/p>\n\n\n\n<p>Ricardo Osuna, abogado de los dirigentes sociales, dijo que la defensa a\u00fan no tom\u00f3 ninguna definici\u00f3n sobre las novedades en la causa, pero reiter\u00f3 que \u201cesto demuestra que la Fiscal\u00eda a\u00fan no sabe c\u00f3mo ocurri\u00f3 el hecho que imputa\u201d.<\/p>\n","protected":false},"excerpt":{"rendered":"<p>El Equipo Fiscal Especial que investiga el asesinato y desaparici\u00f3n de Cecilia Strzyzowski inform\u00f3 este lunes el cambio de imputaci\u00f3n para los 3 integrantes del denominado \u201cClan Sena\u201d: C\u00e9sar Sena, expareja de la v\u00edctima, y sus padres, los dirigentes sociales Emerenciano Sena y Marcela Acu\u00f1a. Hasta ahora estaban imputados como coautores del femicidio de Cecilia, [&hellip;]<\/p>\n","protected":false},"author":1,"featured_media":6775,"comment_status":"open","ping_status":"open","sticky":false,"template":"","format":"standard","meta":{"footnotes":""},"categories":[26],"tags":[1813,1812,2182,793,409,3653,1992,798],"class_list":["post-6774","post","type-post","status-publish","format-standard","has-post-thumbnail","hentry","category-policiales","tag-cecilia","tag-cesar","tag-clan-sena","tag-emerenciano","tag-femicidio","tag-imputacion","tag-osuna","tag-sena"],"_links":{"self":[{"href":"https:\/\/hdpnoticias.com.ar\/index.php?rest_route=\/wp\/v2\/posts\/6774","targetHints":{"allow":["GET"]}}],"collection":[{"href":"https:\/\/hdpnoticias.com.ar\/index.php?rest_route=\/wp\/v2\/posts"}],"about":[{"href":"https:\/\/hdpnoticias.com.ar\/index.php?rest_route=\/wp\/v2\/types\/post"}],"author":[{"embeddable":true,"href":"https:\/\/hdpnoticias.com.ar\/index.php?rest_route=\/wp\/v2\/users\/1"}],"replies":[{"embeddable":true,"href":"https:\/\/hdpnoticias.com.ar\/index.php?rest_route=%2Fwp%2Fv2%2Fcomments&post=6774"}],"version-history":[{"count":1,"href":"https:\/\/hdpnoticias.com.ar\/index.php?rest_route=\/wp\/v2\/posts\/6774\/revisions"}],"predecessor-version":[{"id":6776,"href":"https:\/\/hdpnoticias.com.ar\/index.php?rest_route=\/wp\/v2\/posts\/6774\/revisions\/6776"}],"wp:featuredmedia":[{"embeddable":true,"href":"https:\/\/hdpnoticias.com.ar\/index.php?rest_route=\/wp\/v2\/media\/6775"}],"wp:attachment":[{"href":"https:\/\/hdpnoticias.com.ar\/index.php?rest_route=%2Fwp%2Fv2%2Fmedia&parent=6774"}],"wp:term":[{"taxonomy":"category","embeddable":true,"href":"https:\/\/hdpnoticias.com.ar\/index.php?rest_route=%2Fwp%2Fv2%2Fcategories&post=6774"},{"taxonomy":"post_tag","embeddable":true,"href":"https:\/\/hdpnoticias.com.ar\/index.php?rest_route=%2Fwp%2Fv2%2Ftags&post=6774"}],"curies":[{"name":"wp","href":"https:\/\/api.w.org\/{rel}","templated":true}]}}