{"id":6748,"date":"2024-04-27T21:14:58","date_gmt":"2024-04-28T00:14:58","guid":{"rendered":"https:\/\/hdpnoticias.com.ar\/?p=6748"},"modified":"2024-04-27T21:16:44","modified_gmt":"2024-04-28T00:16:44","slug":"guaycuru-chico-y-mentira-grande","status":"publish","type":"post","link":"https:\/\/hdpnoticias.com.ar\/?p=6748","title":{"rendered":"Guaycur\u00fa Chico y mentira grande"},"content":{"rendered":"\n<p>Por Dar\u00edo Zarco |<\/p>\n\n\n\n<p>El af\u00e1n por denostar todo lo pasado declar\u00e1ndolo ruinoso, abandonado, mal hecho, corrupto, etc\u00e9tera, contrast\u00e1ndolo con el \u00e9xito rutilante de su gesti\u00f3n, que marca un antes y un despu\u00e9s, no es una idea original del gobernador Leandro Zdero.<\/p>\n\n\n\n<p>El modelo de comunicaci\u00f3n egoc\u00e9ntrico, megal\u00f3mano, mit\u00f3mano\u2026 es parte de la pesad\u00edsima herencia de Jorge Capitanich, un \u201cderecho\u201d al que, aparentemente, no piensa renunciar.<\/p>\n\n\n\n<p>\u201cHist\u00f3rico: tras 20 a\u00f1os de abandono, Zdero constat\u00f3 el avance de las obras en el Guaycur\u00fa Chico\u201d, titul\u00f3 el sitio oficial de prensa del Gobierno del Chaco y el grueso de los medios lo replic\u00f3 como si fuera cierto, s\u00f3lo unos pocos se atrevieron a editar.<\/p>\n\n\n\n<p>La obra del sistema de riego de la cuenca del Guaycur\u00fa, que capta agua del r\u00edo Bermejo y abastece reservorios al paso del Guaycur\u00fa Grande y el Guaycur\u00fa Chico, comenz\u00f3 en agosto de 2015, entr\u00f3 en servicio en 2019, aunque la recepci\u00f3n se oficializ\u00f3 en 2020. En t\u00e9rminos pol\u00edticos: fue gestionada por Capitanich y ejecutada durante la gobernaci\u00f3n de Domingo Peppo, que la inaugur\u00f3 con funcionarios de la presidencia de Mauricio Macri, intendentes de la zona y legisladores radicales.<\/p>\n\n\n\n<p>Ergo: no puede llevar 20 a\u00f1os abandonada una obra que comenz\u00f3 a ejecutarse hace 9. Quiz\u00e1s meses. La misma Administraci\u00f3n Provincial del Agua presum\u00eda en 2021 de su correcto funcionamiento gracias a los trabajos de mantenimiento.<\/p>\n\n\n\n<p>Si gugleamos \u201cguaycur\u00fa\u201d sabremos que \u201cla obra se enmarc\u00f3 en el Programa para el Desarrollo de Nuevas \u00c1reas de Riego de Argentina, que el Ministerio de Agroindustria de la Naci\u00f3n llev\u00f3 adelante a trav\u00e9s de su Unidad para el Cambio Rural (UCAR), incluida en el Programa de Servicios Agr\u00edcolas Provinciales (PROSAP), con financiamiento del Banco de Desarrollo de Am\u00e9rica Latina (CAF)\u2026\u201d; en aquel momento se hablaba de casi 23 millones de d\u00f3lares.<\/p>\n\n\n\n<p>Las \u201cobras\u201d de las que se ufana el Gobierno habr\u00e1n costado un poco menos, ya que consistieron en tareas de mantenimiento de esclusas, consolidaci\u00f3n de defensas, desmalezamiento y la remoci\u00f3n de pasos informales montados por los propios productores para cortar camino.<\/p>\n\n\n\n<p>La gacetilla del Gobierno atribuye a integrantes de la Comisi\u00f3n de Manejo de Agua y Suelo (COMAS) el inmenso agradecimiento por la r\u00e1pida respuesta de Zdero despu\u00e9s de que sus antecesores hicieran o\u00eddos sordos a los reclamos durante 2 d\u00e9cadas, aunque la Comisi\u00f3n 2, del Chico, se conform\u00f3 reci\u00e9n en 2021.<\/p>\n\n\n\n<p>Y, seg\u00fan la versi\u00f3n oficial, un productor celebr\u00f3 la primera vez que un gobernador visita el lugar. Sin embargo, a vuelo de p\u00e1jaro por las redes sociales se ven \u00e1lbumes completos de Peppo y Capitanich en el mismo dique en el que Zdero pos\u00f3 reci\u00e9n para su primera pic.<\/p>\n\n\n\n<p>En tan poco tiempo, <strong><a href=\"https:\/\/hdpnoticias.com.ar\/?p=6472\">no es la primera vez<\/a><\/strong> que su propia comunicaci\u00f3n, tan empalagosa, le cae pesada al Gobernador. Y todo dice que no ser\u00e1 la \u00faltima.<\/p>\n","protected":false},"excerpt":{"rendered":"<p>Por Dar\u00edo Zarco | El af\u00e1n por denostar todo lo pasado declar\u00e1ndolo ruinoso, abandonado, mal hecho, corrupto, etc\u00e9tera, contrast\u00e1ndolo con el \u00e9xito rutilante de su gesti\u00f3n, que marca un antes y un despu\u00e9s, no es una idea original del gobernador Leandro Zdero. El modelo de comunicaci\u00f3n egoc\u00e9ntrico, megal\u00f3mano, mit\u00f3mano\u2026 es parte de la pesad\u00edsima herencia [&hellip;]<\/p>\n","protected":false},"author":1,"featured_media":6749,"comment_status":"open","ping_status":"open","sticky":false,"template":"","format":"standard","meta":{"footnotes":""},"categories":[2],"tags":[1420,1596,29,37,3641,195,241,921],"class_list":["post-6748","post","type-post","status-publish","format-standard","has-post-thumbnail","hentry","category-editorial","tag-apa","tag-bermejo","tag-capitanich","tag-chaco","tag-guaycyru","tag-macri","tag-peppo","tag-zdero"],"_links":{"self":[{"href":"https:\/\/hdpnoticias.com.ar\/index.php?rest_route=\/wp\/v2\/posts\/6748","targetHints":{"allow":["GET"]}}],"collection":[{"href":"https:\/\/hdpnoticias.com.ar\/index.php?rest_route=\/wp\/v2\/posts"}],"about":[{"href":"https:\/\/hdpnoticias.com.ar\/index.php?rest_route=\/wp\/v2\/types\/post"}],"author":[{"embeddable":true,"href":"https:\/\/hdpnoticias.com.ar\/index.php?rest_route=\/wp\/v2\/users\/1"}],"replies":[{"embeddable":true,"href":"https:\/\/hdpnoticias.com.ar\/index.php?rest_route=%2Fwp%2Fv2%2Fcomments&post=6748"}],"version-history":[{"count":2,"href":"https:\/\/hdpnoticias.com.ar\/index.php?rest_route=\/wp\/v2\/posts\/6748\/revisions"}],"predecessor-version":[{"id":6751,"href":"https:\/\/hdpnoticias.com.ar\/index.php?rest_route=\/wp\/v2\/posts\/6748\/revisions\/6751"}],"wp:featuredmedia":[{"embeddable":true,"href":"https:\/\/hdpnoticias.com.ar\/index.php?rest_route=\/wp\/v2\/media\/6749"}],"wp:attachment":[{"href":"https:\/\/hdpnoticias.com.ar\/index.php?rest_route=%2Fwp%2Fv2%2Fmedia&parent=6748"}],"wp:term":[{"taxonomy":"category","embeddable":true,"href":"https:\/\/hdpnoticias.com.ar\/index.php?rest_route=%2Fwp%2Fv2%2Fcategories&post=6748"},{"taxonomy":"post_tag","embeddable":true,"href":"https:\/\/hdpnoticias.com.ar\/index.php?rest_route=%2Fwp%2Fv2%2Ftags&post=6748"}],"curies":[{"name":"wp","href":"https:\/\/api.w.org\/{rel}","templated":true}]}}