{"id":6696,"date":"2024-04-24T02:12:00","date_gmt":"2024-04-24T05:12:00","guid":{"rendered":"https:\/\/hdpnoticias.com.ar\/?p=6696"},"modified":"2024-04-24T06:15:37","modified_gmt":"2024-04-24T09:15:37","slug":"clausuraron-la-guarderia-denunciada-por-presunto-maltrato-de-ninos-en-saenz-pena","status":"publish","type":"post","link":"https:\/\/hdpnoticias.com.ar\/?p=6696","title":{"rendered":"Clausuraron la guarder\u00eda denunciada por presunto maltrato de ni\u00f1os en S\u00e1enz Pe\u00f1a"},"content":{"rendered":"\n<p>El Juzgado de Faltas de la Municipalidad de Presidencia Roque S\u00e1enz pe\u00f1a clausur\u00f3 la guarder\u00eda Arco Iris, ubicada en la calle 14 entre 9 y 11, en pleno centro de la ciudad, que fuera denunciada por la madre de 2 ni\u00f1os que habr\u00edan sido maltratados por la propietaria y una docente.<\/p>\n\n\n\n<p>Funcionarios municipales explicaron que la sanci\u00f3n no est\u00e1 vinculada al hecho denunciado, sino a la falta de medidas de seguridad y el vencimiento de la correspondiente habilitaci\u00f3n emitida por Bomberos.<\/p>\n\n\n\n<p>Mientras, la denunciante: Mar\u00eda Bocek, solicit\u00f3 a trav\u00e9s de su abogada una serie de medidas, entre ellas informaci\u00f3n del Ministerio de Educaci\u00f3n, Cultura, Ciencia y Tecnolog\u00eda de la Provincia, sobre la habilitaci\u00f3n de la instituci\u00f3n, sus responsables, el personal y las cualidades de las personas en contacto con los ni\u00f1os.<\/p>\n\n\n\n<p>El caso se ventil\u00f3 el \u00faltimo fin de semana con la viralizaci\u00f3n de uno de los videos presentados ante la Justicia, donde 2 personas adultas maltratan a los ni\u00f1os, verbal y f\u00edsicamente, y son encerrados como reprimenda por su supuesto mal comportamiento. Esto habr\u00eda ocurrido el 8 de marzo y fue denunciado al d\u00eda siguiente.<\/p>\n\n\n\n<p>Una semana despu\u00e9s Bocek fue convocada a la Fiscal\u00eda de Investigaci\u00f3n Penal 1, de S\u00e1enz Pe\u00f1a, donde aport\u00f3 que desde hace un tiempo los peque\u00f1os sal\u00edan de la guarder\u00eda con lesiones que ella interpret\u00f3 como causadas en los juegos, hasta que ellos mismos le dijeron que hab\u00edan sido provocadas por una docente.<\/p>\n","protected":false},"excerpt":{"rendered":"<p>El Juzgado de Faltas de la Municipalidad de Presidencia Roque S\u00e1enz pe\u00f1a clausur\u00f3 la guarder\u00eda Arco Iris, ubicada en la calle 14 entre 9 y 11, en pleno centro de la ciudad, que fuera denunciada por la madre de 2 ni\u00f1os que habr\u00edan sido maltratados por la propietaria y una docente. Funcionarios municipales explicaron que [&hellip;]<\/p>\n","protected":false},"author":1,"featured_media":6694,"comment_status":"open","ping_status":"open","sticky":false,"template":"","format":"standard","meta":{"footnotes":""},"categories":[6],"tags":[3620,262,3617,1354,731,2187,95],"class_list":["post-6696","post","type-post","status-publish","format-standard","has-post-thumbnail","hentry","category-info-general","tag-arco-iris","tag-educacion","tag-guarderia","tag-infantil","tag-maltrato","tag-ninos","tag-saenz-pena"],"_links":{"self":[{"href":"https:\/\/hdpnoticias.com.ar\/index.php?rest_route=\/wp\/v2\/posts\/6696","targetHints":{"allow":["GET"]}}],"collection":[{"href":"https:\/\/hdpnoticias.com.ar\/index.php?rest_route=\/wp\/v2\/posts"}],"about":[{"href":"https:\/\/hdpnoticias.com.ar\/index.php?rest_route=\/wp\/v2\/types\/post"}],"author":[{"embeddable":true,"href":"https:\/\/hdpnoticias.com.ar\/index.php?rest_route=\/wp\/v2\/users\/1"}],"replies":[{"embeddable":true,"href":"https:\/\/hdpnoticias.com.ar\/index.php?rest_route=%2Fwp%2Fv2%2Fcomments&post=6696"}],"version-history":[{"count":1,"href":"https:\/\/hdpnoticias.com.ar\/index.php?rest_route=\/wp\/v2\/posts\/6696\/revisions"}],"predecessor-version":[{"id":6697,"href":"https:\/\/hdpnoticias.com.ar\/index.php?rest_route=\/wp\/v2\/posts\/6696\/revisions\/6697"}],"wp:featuredmedia":[{"embeddable":true,"href":"https:\/\/hdpnoticias.com.ar\/index.php?rest_route=\/wp\/v2\/media\/6694"}],"wp:attachment":[{"href":"https:\/\/hdpnoticias.com.ar\/index.php?rest_route=%2Fwp%2Fv2%2Fmedia&parent=6696"}],"wp:term":[{"taxonomy":"category","embeddable":true,"href":"https:\/\/hdpnoticias.com.ar\/index.php?rest_route=%2Fwp%2Fv2%2Fcategories&post=6696"},{"taxonomy":"post_tag","embeddable":true,"href":"https:\/\/hdpnoticias.com.ar\/index.php?rest_route=%2Fwp%2Fv2%2Ftags&post=6696"}],"curies":[{"name":"wp","href":"https:\/\/api.w.org\/{rel}","templated":true}]}}