{"id":665,"date":"2023-02-02T15:35:36","date_gmt":"2023-02-02T18:35:36","guid":{"rendered":"http:\/\/hdpnoticias.com.ar\/?p=665"},"modified":"2023-02-02T15:35:39","modified_gmt":"2023-02-02T18:35:39","slug":"alberto-convocaria-a-una-mesa-electoral-para-debatir-candidaturas","status":"publish","type":"post","link":"https:\/\/hdpnoticias.com.ar\/?p=665","title":{"rendered":"Alberto convocar\u00eda a una \u201cmesa electoral\u201d para debatir candidaturas"},"content":{"rendered":"\n<p>La \u00faltima semana el gobernador Jorge Capitanich opin\u00f3 que si el presidente Alberto Fern\u00e1ndez decid\u00eda buscar la reelecci\u00f3n, no deber\u00eda tener oposici\u00f3n en el Frente de Todos, por encarnar la m\u00e1xima representaci\u00f3n institucional del oficialismo.<\/p>\n\n\n\n<p>El mi\u00e9rcoles, Alberto visit\u00f3 El Impenetrable para entregar viviendas junto al Gobernador. Ambos elogiaron rec\u00edprocamente sus gestiones al momento de los discursos en Fuerte Esperanza.<\/p>\n\n\n\n<p>Este jueves, la vocera presidencial Gabriela Cerruti adelant\u00f3 que el Presidente, en su car\u00e1cter de titular del Partido Justicialista, convocar\u00eda una \u201cmesa electoral\u201d para debatir candidaturas.<\/p>\n\n\n\n<p>Esta hab\u00eda sido una de las alternativas planteadas por Capitanich: que Alberto decida decline sus aspiraciones electorales y, en cambio, encabece un proceso de construcci\u00f3n de candidaturas.<\/p>\n\n\n\n<p>El Presidente y el Gobernador coinciden tambi\u00e9n en la importancia de las Paso para definir \u201cdemocr\u00e1ticamente\u201d las candidaturas con la mayor participaci\u00f3n popular posible. Aunque en el caso de Capitanich, s\u00f3lo se refiere a las Paso nacionales, ya que en el Chaco impuls\u00f3 su eliminaci\u00f3n por in\u00fatiles y costosas.<\/p>\n","protected":false},"excerpt":{"rendered":"<p>La \u00faltima semana el gobernador Jorge Capitanich opin\u00f3 que si el presidente Alberto Fern\u00e1ndez decid\u00eda buscar la reelecci\u00f3n, no deber\u00eda tener oposici\u00f3n en el Frente de Todos, por encarnar la m\u00e1xima representaci\u00f3n institucional del oficialismo. El mi\u00e9rcoles, Alberto visit\u00f3 El Impenetrable para entregar viviendas junto al Gobernador. Ambos elogiaron rec\u00edprocamente sus gestiones al momento de [&hellip;]<\/p>\n","protected":false},"author":1,"featured_media":666,"comment_status":"open","ping_status":"open","sticky":false,"template":"","format":"standard","meta":{"footnotes":""},"categories":[27],"tags":[68,37,417,349,249,350],"class_list":["post-665","post","type-post","status-publish","format-standard","has-post-thumbnail","hentry","category-politica","tag-alberto","tag-chaco","tag-el-impenetrable","tag-frente-de-todos","tag-paso","tag-reeleccion"],"_links":{"self":[{"href":"https:\/\/hdpnoticias.com.ar\/index.php?rest_route=\/wp\/v2\/posts\/665","targetHints":{"allow":["GET"]}}],"collection":[{"href":"https:\/\/hdpnoticias.com.ar\/index.php?rest_route=\/wp\/v2\/posts"}],"about":[{"href":"https:\/\/hdpnoticias.com.ar\/index.php?rest_route=\/wp\/v2\/types\/post"}],"author":[{"embeddable":true,"href":"https:\/\/hdpnoticias.com.ar\/index.php?rest_route=\/wp\/v2\/users\/1"}],"replies":[{"embeddable":true,"href":"https:\/\/hdpnoticias.com.ar\/index.php?rest_route=%2Fwp%2Fv2%2Fcomments&post=665"}],"version-history":[{"count":1,"href":"https:\/\/hdpnoticias.com.ar\/index.php?rest_route=\/wp\/v2\/posts\/665\/revisions"}],"predecessor-version":[{"id":667,"href":"https:\/\/hdpnoticias.com.ar\/index.php?rest_route=\/wp\/v2\/posts\/665\/revisions\/667"}],"wp:featuredmedia":[{"embeddable":true,"href":"https:\/\/hdpnoticias.com.ar\/index.php?rest_route=\/wp\/v2\/media\/666"}],"wp:attachment":[{"href":"https:\/\/hdpnoticias.com.ar\/index.php?rest_route=%2Fwp%2Fv2%2Fmedia&parent=665"}],"wp:term":[{"taxonomy":"category","embeddable":true,"href":"https:\/\/hdpnoticias.com.ar\/index.php?rest_route=%2Fwp%2Fv2%2Fcategories&post=665"},{"taxonomy":"post_tag","embeddable":true,"href":"https:\/\/hdpnoticias.com.ar\/index.php?rest_route=%2Fwp%2Fv2%2Ftags&post=665"}],"curies":[{"name":"wp","href":"https:\/\/api.w.org\/{rel}","templated":true}]}}