{"id":659,"date":"2023-02-02T13:29:54","date_gmt":"2023-02-02T16:29:54","guid":{"rendered":"http:\/\/hdpnoticias.com.ar\/?p=659"},"modified":"2023-03-10T10:02:25","modified_gmt":"2023-03-10T13:02:25","slug":"la-ministra-de-salud-mordida-por-una-vibora-fue-trasladada-a-corrientes-para-mejor-atencion","status":"publish","type":"post","link":"https:\/\/hdpnoticias.com.ar\/?p=659","title":{"rendered":"La ministra de Salud mordida por una v\u00edbora: fue trasladada a Corrientes para mejor atenci\u00f3n"},"content":{"rendered":"\n<p>La ministra de Salud P\u00fablica del Chaco: Carolina Centeno, fue mordida por una v\u00edbora la tarde del mi\u00e9rcoles en El Impenetrable al regresar del acto encabezado por el presidente Alberto Fern\u00e1ndez.<\/p>\n\n\n\n<p>Se supo que uno de los veh\u00edculos de la comitiva oficial sufri\u00f3 un desperfecto y se detuvo en medio del monte cerca de Fuerte Esperanza, y otro que circulaba detr\u00e1s, en el que viajaba la funcionaria, se detuvo a auxiliarlo.<\/p>\n\n\n\n<p>Al descender, ella sufri\u00f3 la mordedura del reptil en un pie.<\/p>\n\n\n\n<p>De inmediato fue trasladada directamente al hospital 4 de Junio, de Presidencia Roque S\u00e1enz Pe\u00f1a, obviando el Hospital del Bicentenario, de Juan Jos\u00e9 Castelli, centro sanitario cabecera de la zona.<\/p>\n\n\n\n<p>En la Ciudad Termal se le aplic\u00f3 suero antiof\u00eddico y se adoptaron los cuidados indicados por el protocolo para estos casos.<\/p>\n\n\n\n<p>No obstante, fue derivada al hospital Perrando, de Resistencia. Y aunque su cuadro, seg\u00fan se dijo, no revest\u00eda mayor gravedad, fue derivada al Instituto Cardiol\u00f3gico de Corrientes para una atenci\u00f3n de mayor complejidad, debido a que registra antecedentes coronarios.<\/p>\n","protected":false},"excerpt":{"rendered":"<p>La ministra de Salud P\u00fablica del Chaco: Carolina Centeno, fue mordida por una v\u00edbora la tarde del mi\u00e9rcoles en El Impenetrable al regresar del acto encabezado por el presidente Alberto Fern\u00e1ndez. Se supo que uno de los veh\u00edculos de la comitiva oficial sufri\u00f3 un desperfecto y se detuvo en medio del monte cerca de Fuerte [&hellip;]<\/p>\n","protected":false},"author":1,"featured_media":660,"comment_status":"open","ping_status":"open","sticky":false,"template":"","format":"standard","meta":{"footnotes":""},"categories":[6],"tags":[68,129,424,37,169,417,40,95,425,427,423,426],"class_list":["post-659","post","type-post","status-publish","format-standard","has-post-thumbnail","hentry","category-info-general","tag-alberto","tag-castelli","tag-centeno","tag-chaco","tag-corrientes","tag-el-impenetrable","tag-perrando","tag-saenz-pena","tag-salud","tag-suero-antiofidico","tag-vibora","tag-yarara"],"_links":{"self":[{"href":"https:\/\/hdpnoticias.com.ar\/index.php?rest_route=\/wp\/v2\/posts\/659","targetHints":{"allow":["GET"]}}],"collection":[{"href":"https:\/\/hdpnoticias.com.ar\/index.php?rest_route=\/wp\/v2\/posts"}],"about":[{"href":"https:\/\/hdpnoticias.com.ar\/index.php?rest_route=\/wp\/v2\/types\/post"}],"author":[{"embeddable":true,"href":"https:\/\/hdpnoticias.com.ar\/index.php?rest_route=\/wp\/v2\/users\/1"}],"replies":[{"embeddable":true,"href":"https:\/\/hdpnoticias.com.ar\/index.php?rest_route=%2Fwp%2Fv2%2Fcomments&post=659"}],"version-history":[{"count":3,"href":"https:\/\/hdpnoticias.com.ar\/index.php?rest_route=\/wp\/v2\/posts\/659\/revisions"}],"predecessor-version":[{"id":1258,"href":"https:\/\/hdpnoticias.com.ar\/index.php?rest_route=\/wp\/v2\/posts\/659\/revisions\/1258"}],"wp:featuredmedia":[{"embeddable":true,"href":"https:\/\/hdpnoticias.com.ar\/index.php?rest_route=\/wp\/v2\/media\/660"}],"wp:attachment":[{"href":"https:\/\/hdpnoticias.com.ar\/index.php?rest_route=%2Fwp%2Fv2%2Fmedia&parent=659"}],"wp:term":[{"taxonomy":"category","embeddable":true,"href":"https:\/\/hdpnoticias.com.ar\/index.php?rest_route=%2Fwp%2Fv2%2Fcategories&post=659"},{"taxonomy":"post_tag","embeddable":true,"href":"https:\/\/hdpnoticias.com.ar\/index.php?rest_route=%2Fwp%2Fv2%2Ftags&post=659"}],"curies":[{"name":"wp","href":"https:\/\/api.w.org\/{rel}","templated":true}]}}