{"id":6529,"date":"2024-04-10T15:54:31","date_gmt":"2024-04-10T18:54:31","guid":{"rendered":"https:\/\/hdpnoticias.com.ar\/?p=6529"},"modified":"2024-04-10T15:54:33","modified_gmt":"2024-04-10T18:54:33","slug":"encontraron-muerto-a-joven-policia-que-estaba-desaparecido","status":"publish","type":"post","link":"https:\/\/hdpnoticias.com.ar\/?p=6529","title":{"rendered":"Encontraron muerto a joven polic\u00eda que estaba desaparecido"},"content":{"rendered":"\n<p>Federico Alberto Fogliatti, de 33 a\u00f1os, cabo de la Polic\u00eda del Chaco, era intensamente buscado desde la noche del martes, cuando su pareja denunci\u00f3 que hab\u00eda perdido todo contacto con \u00e9l.<\/p>\n\n\n\n<p>Advirti\u00f3 que el polic\u00eda, que prestaba servicios en la Divisi\u00f3n Antecedentes, estaba con licencia, recibiendo tratamiento psiqui\u00e1trico.<\/p>\n\n\n\n<p>Finalmente fue hallado muerto la ma\u00f1ana de este mi\u00e9rcoles en inmediaciones de la rotonda de la avenida Sarmiento y la autov\u00eda de la ruta nacional 16.<\/p>\n\n\n\n<p>Junto a \u00e9l estaba su arma reglamentaria, con la que se habr\u00eda quitado la vida.<\/p>\n","protected":false},"excerpt":{"rendered":"<p>Federico Alberto Fogliatti, de 33 a\u00f1os, cabo de la Polic\u00eda del Chaco, era intensamente buscado desde la noche del martes, cuando su pareja denunci\u00f3 que hab\u00eda perdido todo contacto con \u00e9l. Advirti\u00f3 que el polic\u00eda, que prestaba servicios en la Divisi\u00f3n Antecedentes, estaba con licencia, recibiendo tratamiento psiqui\u00e1trico. Finalmente fue hallado muerto la ma\u00f1ana de [&hellip;]<\/p>\n","protected":false},"author":1,"featured_media":6530,"comment_status":"open","ping_status":"open","sticky":false,"template":"","format":"standard","meta":{"footnotes":""},"categories":[26],"tags":[636,3169,37,55,49,257,115],"class_list":["post-6529","post","type-post","status-publish","format-standard","has-post-thumbnail","hentry","category-policiales","tag-autovia","tag-cabo","tag-chaco","tag-policia","tag-resistencia","tag-sarmiento","tag-suicidio"],"_links":{"self":[{"href":"https:\/\/hdpnoticias.com.ar\/index.php?rest_route=\/wp\/v2\/posts\/6529","targetHints":{"allow":["GET"]}}],"collection":[{"href":"https:\/\/hdpnoticias.com.ar\/index.php?rest_route=\/wp\/v2\/posts"}],"about":[{"href":"https:\/\/hdpnoticias.com.ar\/index.php?rest_route=\/wp\/v2\/types\/post"}],"author":[{"embeddable":true,"href":"https:\/\/hdpnoticias.com.ar\/index.php?rest_route=\/wp\/v2\/users\/1"}],"replies":[{"embeddable":true,"href":"https:\/\/hdpnoticias.com.ar\/index.php?rest_route=%2Fwp%2Fv2%2Fcomments&post=6529"}],"version-history":[{"count":1,"href":"https:\/\/hdpnoticias.com.ar\/index.php?rest_route=\/wp\/v2\/posts\/6529\/revisions"}],"predecessor-version":[{"id":6531,"href":"https:\/\/hdpnoticias.com.ar\/index.php?rest_route=\/wp\/v2\/posts\/6529\/revisions\/6531"}],"wp:featuredmedia":[{"embeddable":true,"href":"https:\/\/hdpnoticias.com.ar\/index.php?rest_route=\/wp\/v2\/media\/6530"}],"wp:attachment":[{"href":"https:\/\/hdpnoticias.com.ar\/index.php?rest_route=%2Fwp%2Fv2%2Fmedia&parent=6529"}],"wp:term":[{"taxonomy":"category","embeddable":true,"href":"https:\/\/hdpnoticias.com.ar\/index.php?rest_route=%2Fwp%2Fv2%2Fcategories&post=6529"},{"taxonomy":"post_tag","embeddable":true,"href":"https:\/\/hdpnoticias.com.ar\/index.php?rest_route=%2Fwp%2Fv2%2Ftags&post=6529"}],"curies":[{"name":"wp","href":"https:\/\/api.w.org\/{rel}","templated":true}]}}