{"id":6500,"date":"2024-04-08T10:35:18","date_gmt":"2024-04-08T13:35:18","guid":{"rendered":"https:\/\/hdpnoticias.com.ar\/?p=6500"},"modified":"2024-04-08T10:35:22","modified_gmt":"2024-04-08T13:35:22","slug":"transito-descontrolado-en-la-castelli-otro-aparatoso-accidente-en-la-zona-sur","status":"publish","type":"post","link":"https:\/\/hdpnoticias.com.ar\/?p=6500","title":{"rendered":"Tr\u00e1nsito descontrolado en la Castelli: otro aparatoso accidente en la zona sur"},"content":{"rendered":"\n<p>La avenida Castelli, que recorre Resistencia desde la avenida Alberdi, y atraviesa Barranqueras y Puerto Vilelas hasta la costa del riacho Barranqueras, es fundamental para el tr\u00e1nsito de la sur del \u00e1rea metropolitana.<\/p>\n\n\n\n<p>Este lunes a las 6:30 volvi\u00f3 a ser escenario de un brutal accidente de tr\u00e1nsito protagonizado por un utilitario Fiat Fiorino, conducido por un hombre de 54 a\u00f1os, y un Renault Cl\u00edo comandado por una mujer de 59, que se toparon en la esquina de la avenida Dr. Ram\u00edrez.<\/p>\n\n\n\n<p>Producto del impacto, el utilitario volc\u00f3. A pesar de la espectacularidad de la escena, los involucrados s\u00f3lo sufrieron lesiones leves.<\/p>\n\n\n\n<p>El \u00faltimo s\u00e1bado a la misma hora un Toyota Corolla y un VW Fox chocaron en la intersecci\u00f3n de Castelli y avenida Chaco, frente al Parque Urbano Tiro Federal: el primero termin\u00f3 estrell\u00e1ndose y derribando el muro de una escuela, y el VW contra una columna de alumbrado.<\/p>\n\n\n\n<p>El jueves 4 el conductor de una Renault Duster perdi\u00f3 el control y el veh\u00edculo termin\u00f3 trepando a la base de una columna de alumbrado y <strong><a href=\"https:\/\/hdpnoticias.com.ar\/?p=6469\">estrell\u00e1ndose<\/a><\/strong> contra \u00e9sta en Castelli y avenida Espa\u00f1a.<\/p>\n\n\n\n<p>Un d\u00eda antes <strong><a href=\"https:\/\/hdpnoticias.com.ar\/?p=6452\">una mujer de 84 a\u00f1os muri\u00f3 atropellada<\/a><\/strong> por un Renault Cl\u00edo en Castelli al 1750, frente al Tiro.<\/p>\n\n\n\n<p>A las causas vinculadas a la conducta y aptitud de los conductores, se suma el mal estado del pavimento, con baches y acumulaci\u00f3n de agua; las deficiencias del alumbrado p\u00fablico y las fallas en los sem\u00e1foros.<\/p>\n\n\n\n<figure class=\"wp-block-image size-full\"><img loading=\"lazy\" decoding=\"async\" width=\"699\" height=\"436\" src=\"https:\/\/hdpnoticias.com.ar\/wp-content\/uploads\/2024\/04\/Choque-en-Castelli-y-Chaco-1.jpg\" alt=\"\" class=\"wp-image-6502\" srcset=\"https:\/\/hdpnoticias.com.ar\/wp-content\/uploads\/2024\/04\/Choque-en-Castelli-y-Chaco-1.jpg 699w, https:\/\/hdpnoticias.com.ar\/wp-content\/uploads\/2024\/04\/Choque-en-Castelli-y-Chaco-1-300x187.jpg 300w, https:\/\/hdpnoticias.com.ar\/wp-content\/uploads\/2024\/04\/Choque-en-Castelli-y-Chaco-1-696x434.jpg 696w, https:\/\/hdpnoticias.com.ar\/wp-content\/uploads\/2024\/04\/Choque-en-Castelli-y-Chaco-1-673x420.jpg 673w\" sizes=\"auto, (max-width: 699px) 100vw, 699px\" \/><figcaption class=\"wp-element-caption\">El amanecer del s\u00e1bado, tras toparse en las avenidas Castelli y Chaco, un VW Fox se estrell\u00f3 contra una columna de alumbrado y un Corolla choc\u00f3 y derrib\u00f3 el muro de una escuela.<\/figcaption><\/figure>\n","protected":false},"excerpt":{"rendered":"<p>La avenida Castelli, que recorre Resistencia desde la avenida Alberdi, y atraviesa Barranqueras y Puerto Vilelas hasta la costa del riacho Barranqueras, es fundamental para el tr\u00e1nsito de la sur del \u00e1rea metropolitana. Este lunes a las 6:30 volvi\u00f3 a ser escenario de un brutal accidente de tr\u00e1nsito protagonizado por un utilitario Fiat Fiorino, conducido [&hellip;]<\/p>\n","protected":false},"author":1,"featured_media":6501,"comment_status":"open","ping_status":"open","sticky":false,"template":"","format":"standard","meta":{"footnotes":""},"categories":[26],"tags":[53,129,2823,688,1042,154,3511,1970,328,747,49,390,89],"class_list":["post-6500","post","type-post","status-publish","format-standard","has-post-thumbnail","hentry","category-policiales","tag-barranqueras","tag-castelli","tag-clio","tag-corolla","tag-duster","tag-fiat","tag-fiorino","tag-fox","tag-puerto-vilelas","tag-renault","tag-resistencia","tag-toyota","tag-vw"],"_links":{"self":[{"href":"https:\/\/hdpnoticias.com.ar\/index.php?rest_route=\/wp\/v2\/posts\/6500","targetHints":{"allow":["GET"]}}],"collection":[{"href":"https:\/\/hdpnoticias.com.ar\/index.php?rest_route=\/wp\/v2\/posts"}],"about":[{"href":"https:\/\/hdpnoticias.com.ar\/index.php?rest_route=\/wp\/v2\/types\/post"}],"author":[{"embeddable":true,"href":"https:\/\/hdpnoticias.com.ar\/index.php?rest_route=\/wp\/v2\/users\/1"}],"replies":[{"embeddable":true,"href":"https:\/\/hdpnoticias.com.ar\/index.php?rest_route=%2Fwp%2Fv2%2Fcomments&post=6500"}],"version-history":[{"count":1,"href":"https:\/\/hdpnoticias.com.ar\/index.php?rest_route=\/wp\/v2\/posts\/6500\/revisions"}],"predecessor-version":[{"id":6503,"href":"https:\/\/hdpnoticias.com.ar\/index.php?rest_route=\/wp\/v2\/posts\/6500\/revisions\/6503"}],"wp:featuredmedia":[{"embeddable":true,"href":"https:\/\/hdpnoticias.com.ar\/index.php?rest_route=\/wp\/v2\/media\/6501"}],"wp:attachment":[{"href":"https:\/\/hdpnoticias.com.ar\/index.php?rest_route=%2Fwp%2Fv2%2Fmedia&parent=6500"}],"wp:term":[{"taxonomy":"category","embeddable":true,"href":"https:\/\/hdpnoticias.com.ar\/index.php?rest_route=%2Fwp%2Fv2%2Fcategories&post=6500"},{"taxonomy":"post_tag","embeddable":true,"href":"https:\/\/hdpnoticias.com.ar\/index.php?rest_route=%2Fwp%2Fv2%2Ftags&post=6500"}],"curies":[{"name":"wp","href":"https:\/\/api.w.org\/{rel}","templated":true}]}}