{"id":6491,"date":"2024-04-06T18:10:00","date_gmt":"2024-04-06T21:10:00","guid":{"rendered":"https:\/\/hdpnoticias.com.ar\/?p=6491"},"modified":"2024-04-07T10:16:04","modified_gmt":"2024-04-07T13:16:04","slug":"encontraron-un-craneo-en-plena-calle-en-el-microcentro-de-resistencia","status":"publish","type":"post","link":"https:\/\/hdpnoticias.com.ar\/?p=6491","title":{"rendered":"Encontraron un cr\u00e1neo en plena calle en el microcentro de Resistencia"},"content":{"rendered":"\n<p>La ma\u00f1ana de este s\u00e1bado un transe\u00fante inform\u00f3 al 911 sobre el hallazgo de un cr\u00e1neo humano en la v\u00eda p\u00fablica, en la calle Santiago del Estero 330, en pleno microcentro de Resistencia.<\/p>\n\n\n\n<p>Una comisi\u00f3n de la Comisar\u00eda Segunda acudi\u00f3 al lugar y convoc\u00f3 al Gabinete Cient\u00edfico del Poder Judicial para recoger la pieza y trasladarla al Instituto de Medicina y Ciencias Forenses para ser analizado.<\/p>\n\n\n\n<p>Prima facie, ser\u00eda de vieja data y, por sus caracter\u00edsticas y el estado de conservaci\u00f3n, se cree que podr\u00eda haber sido material did\u00e1ctico de alg\u00fan estudiante de Medicina. No obstante, se aguarda el resultado de las pericias y saber si es factible su identificaci\u00f3n.<\/p>\n","protected":false},"excerpt":{"rendered":"<p>La ma\u00f1ana de este s\u00e1bado un transe\u00fante inform\u00f3 al 911 sobre el hallazgo de un cr\u00e1neo humano en la v\u00eda p\u00fablica, en la calle Santiago del Estero 330, en pleno microcentro de Resistencia. Una comisi\u00f3n de la Comisar\u00eda Segunda acudi\u00f3 al lugar y convoc\u00f3 al Gabinete Cient\u00edfico del Poder Judicial para recoger la pieza y [&hellip;]<\/p>\n","protected":false},"author":1,"featured_media":6492,"comment_status":"open","ping_status":"open","sticky":false,"template":"","format":"standard","meta":{"footnotes":""},"categories":[26],"tags":[802,3119,1362,814,49,2305],"class_list":["post-6491","post","type-post","status-publish","format-standard","has-post-thumbnail","hentry","category-policiales","tag-craneo","tag-medicina","tag-microcentro","tag-poder-judicial","tag-resistencia","tag-restos-oseos"],"_links":{"self":[{"href":"https:\/\/hdpnoticias.com.ar\/index.php?rest_route=\/wp\/v2\/posts\/6491","targetHints":{"allow":["GET"]}}],"collection":[{"href":"https:\/\/hdpnoticias.com.ar\/index.php?rest_route=\/wp\/v2\/posts"}],"about":[{"href":"https:\/\/hdpnoticias.com.ar\/index.php?rest_route=\/wp\/v2\/types\/post"}],"author":[{"embeddable":true,"href":"https:\/\/hdpnoticias.com.ar\/index.php?rest_route=\/wp\/v2\/users\/1"}],"replies":[{"embeddable":true,"href":"https:\/\/hdpnoticias.com.ar\/index.php?rest_route=%2Fwp%2Fv2%2Fcomments&post=6491"}],"version-history":[{"count":1,"href":"https:\/\/hdpnoticias.com.ar\/index.php?rest_route=\/wp\/v2\/posts\/6491\/revisions"}],"predecessor-version":[{"id":6493,"href":"https:\/\/hdpnoticias.com.ar\/index.php?rest_route=\/wp\/v2\/posts\/6491\/revisions\/6493"}],"wp:featuredmedia":[{"embeddable":true,"href":"https:\/\/hdpnoticias.com.ar\/index.php?rest_route=\/wp\/v2\/media\/6492"}],"wp:attachment":[{"href":"https:\/\/hdpnoticias.com.ar\/index.php?rest_route=%2Fwp%2Fv2%2Fmedia&parent=6491"}],"wp:term":[{"taxonomy":"category","embeddable":true,"href":"https:\/\/hdpnoticias.com.ar\/index.php?rest_route=%2Fwp%2Fv2%2Fcategories&post=6491"},{"taxonomy":"post_tag","embeddable":true,"href":"https:\/\/hdpnoticias.com.ar\/index.php?rest_route=%2Fwp%2Fv2%2Ftags&post=6491"}],"curies":[{"name":"wp","href":"https:\/\/api.w.org\/{rel}","templated":true}]}}