{"id":6457,"date":"2024-04-04T06:42:00","date_gmt":"2024-04-04T09:42:00","guid":{"rendered":"https:\/\/hdpnoticias.com.ar\/?p=6457"},"modified":"2024-04-04T08:51:27","modified_gmt":"2024-04-04T11:51:27","slug":"olvido-donde-estaciono-su-mercedes-benz-y-denuncio-que-se-lo-robaron","status":"publish","type":"post","link":"https:\/\/hdpnoticias.com.ar\/?p=6457","title":{"rendered":"Olvid\u00f3 d\u00f3nde estacion\u00f3 su Mercedes Benz y denunci\u00f3 que se lo robaron"},"content":{"rendered":"\n<p>La tarde del mi\u00e9rcoles un hombre llam\u00f3 al 911 para denunciar el robo de su Mercedes Benz. Dijo que hab\u00eda estacionado en la primera cuadra de la avenida Intendente Borrini y que al regresar a buscarlo hab\u00eda desaparecido.<\/p>\n\n\n\n<p>La Polic\u00eda mont\u00f3 r\u00e1pidamente un operativo rastrillaje para dar con el auto robado, pero los efectivos apenas hab\u00edan recorrido unos pasos cuando lo encontraron intacto, estacionado a pocos metros de ah\u00ed, en la avenida 9 de Julio al 1630, aproximadamente.<\/p>\n\n\n\n<p>El fiscal en turno dispuso que el veh\u00edculo sea restituido al denunciante, previa acreditaci\u00f3n de propiedad, como si nada hubiera pasado.<\/p>\n\n\n\n<p>El personal policial interpret\u00f3 risue\u00f1amente la resoluci\u00f3n del caso pero el hombre insisti\u00f3 en que hab\u00eda sido v\u00edctima de la delincuencia.<\/p>\n","protected":false},"excerpt":{"rendered":"<p>La tarde del mi\u00e9rcoles un hombre llam\u00f3 al 911 para denunciar el robo de su Mercedes Benz. Dijo que hab\u00eda estacionado en la primera cuadra de la avenida Intendente Borrini y que al regresar a buscarlo hab\u00eda desaparecido. La Polic\u00eda mont\u00f3 r\u00e1pidamente un operativo rastrillaje para dar con el auto robado, pero los efectivos apenas [&hellip;]<\/p>\n","protected":false},"author":1,"featured_media":6458,"comment_status":"open","ping_status":"open","sticky":false,"template":"","format":"standard","meta":{"footnotes":""},"categories":[26],"tags":[253,3497,999,127,55,57],"class_list":["post-6457","post","type-post","status-publish","format-standard","has-post-thumbnail","hentry","category-policiales","tag-9-de-julio","tag-borrini","tag-inseguridad","tag-mercedes-benz","tag-policia","tag-robo"],"_links":{"self":[{"href":"https:\/\/hdpnoticias.com.ar\/index.php?rest_route=\/wp\/v2\/posts\/6457","targetHints":{"allow":["GET"]}}],"collection":[{"href":"https:\/\/hdpnoticias.com.ar\/index.php?rest_route=\/wp\/v2\/posts"}],"about":[{"href":"https:\/\/hdpnoticias.com.ar\/index.php?rest_route=\/wp\/v2\/types\/post"}],"author":[{"embeddable":true,"href":"https:\/\/hdpnoticias.com.ar\/index.php?rest_route=\/wp\/v2\/users\/1"}],"replies":[{"embeddable":true,"href":"https:\/\/hdpnoticias.com.ar\/index.php?rest_route=%2Fwp%2Fv2%2Fcomments&post=6457"}],"version-history":[{"count":1,"href":"https:\/\/hdpnoticias.com.ar\/index.php?rest_route=\/wp\/v2\/posts\/6457\/revisions"}],"predecessor-version":[{"id":6459,"href":"https:\/\/hdpnoticias.com.ar\/index.php?rest_route=\/wp\/v2\/posts\/6457\/revisions\/6459"}],"wp:featuredmedia":[{"embeddable":true,"href":"https:\/\/hdpnoticias.com.ar\/index.php?rest_route=\/wp\/v2\/media\/6458"}],"wp:attachment":[{"href":"https:\/\/hdpnoticias.com.ar\/index.php?rest_route=%2Fwp%2Fv2%2Fmedia&parent=6457"}],"wp:term":[{"taxonomy":"category","embeddable":true,"href":"https:\/\/hdpnoticias.com.ar\/index.php?rest_route=%2Fwp%2Fv2%2Fcategories&post=6457"},{"taxonomy":"post_tag","embeddable":true,"href":"https:\/\/hdpnoticias.com.ar\/index.php?rest_route=%2Fwp%2Fv2%2Ftags&post=6457"}],"curies":[{"name":"wp","href":"https:\/\/api.w.org\/{rel}","templated":true}]}}