{"id":6422,"date":"2024-04-01T16:45:38","date_gmt":"2024-04-01T19:45:38","guid":{"rendered":"https:\/\/hdpnoticias.com.ar\/?p=6422"},"modified":"2024-04-01T16:45:40","modified_gmt":"2024-04-01T19:45:40","slug":"reaparecio-zdero-tras-un-finde-largo-y-sabatico","status":"publish","type":"post","link":"https:\/\/hdpnoticias.com.ar\/?p=6422","title":{"rendered":"Reapareci\u00f3 Zdero tras un finde largo y sab\u00e1tico"},"content":{"rendered":"\n<p>El gobernador Leandro Zdero retorn\u00f3 a sus actividades la ma\u00f1ana de hoy, lunes 1 de abril, luego de varios d\u00edas de descanso durante el fin de semana de Pascuas. Su \u00faltima aparici\u00f3n oficial hab\u00eda sido el mi\u00e9rcoles 27 de marzo.<\/p>\n\n\n\n<p>El primer mandatario encabez\u00f3 un acto alternativo en la v\u00edspera del 2 de abril, 42\u00b0 aniversario de la gesta de Malvinas. El acto oficial por el D\u00eda del Veterano y de los Ca\u00eddos en la Guerra de Malvinas ser\u00e1 este martes en Presidencia de la Plaza.<\/p>\n\n\n\n<p>En la oportunidad, Zdero fue uno de los encargados de izar la bandera en el monumento a los h\u00e9roes de Malvinas en la avenida Malvinas Argentinas y ruta nacional 11, en Resistencia. As\u00ed fue enarbolada por primera vez la ense\u00f1a donada por Loter\u00eda Chaque\u00f1a.<\/p>\n\n\n\n<p>Del izamiento participaron un grupo de excombatientes y funcionarios provinciales y municipales.<\/p>\n","protected":false},"excerpt":{"rendered":"<p>El gobernador Leandro Zdero retorn\u00f3 a sus actividades la ma\u00f1ana de hoy, lunes 1 de abril, luego de varios d\u00edas de descanso durante el fin de semana de Pascuas. Su \u00faltima aparici\u00f3n oficial hab\u00eda sido el mi\u00e9rcoles 27 de marzo. El primer mandatario encabez\u00f3 un acto alternativo en la v\u00edspera del 2 de abril, 42\u00b0 [&hellip;]<\/p>\n","protected":false},"author":1,"featured_media":6423,"comment_status":"open","ping_status":"open","sticky":false,"template":"","format":"standard","meta":{"footnotes":""},"categories":[27],"tags":[1154,1153,244,1151,357,49,3485,921],"class_list":["post-6422","post","type-post","status-publish","format-standard","has-post-thumbnail","hentry","category-politica","tag-caidos","tag-excombatientes","tag-gobernador","tag-malvinas","tag-plaza","tag-resistencia","tag-veteranos","tag-zdero"],"_links":{"self":[{"href":"https:\/\/hdpnoticias.com.ar\/index.php?rest_route=\/wp\/v2\/posts\/6422","targetHints":{"allow":["GET"]}}],"collection":[{"href":"https:\/\/hdpnoticias.com.ar\/index.php?rest_route=\/wp\/v2\/posts"}],"about":[{"href":"https:\/\/hdpnoticias.com.ar\/index.php?rest_route=\/wp\/v2\/types\/post"}],"author":[{"embeddable":true,"href":"https:\/\/hdpnoticias.com.ar\/index.php?rest_route=\/wp\/v2\/users\/1"}],"replies":[{"embeddable":true,"href":"https:\/\/hdpnoticias.com.ar\/index.php?rest_route=%2Fwp%2Fv2%2Fcomments&post=6422"}],"version-history":[{"count":1,"href":"https:\/\/hdpnoticias.com.ar\/index.php?rest_route=\/wp\/v2\/posts\/6422\/revisions"}],"predecessor-version":[{"id":6424,"href":"https:\/\/hdpnoticias.com.ar\/index.php?rest_route=\/wp\/v2\/posts\/6422\/revisions\/6424"}],"wp:featuredmedia":[{"embeddable":true,"href":"https:\/\/hdpnoticias.com.ar\/index.php?rest_route=\/wp\/v2\/media\/6423"}],"wp:attachment":[{"href":"https:\/\/hdpnoticias.com.ar\/index.php?rest_route=%2Fwp%2Fv2%2Fmedia&parent=6422"}],"wp:term":[{"taxonomy":"category","embeddable":true,"href":"https:\/\/hdpnoticias.com.ar\/index.php?rest_route=%2Fwp%2Fv2%2Fcategories&post=6422"},{"taxonomy":"post_tag","embeddable":true,"href":"https:\/\/hdpnoticias.com.ar\/index.php?rest_route=%2Fwp%2Fv2%2Ftags&post=6422"}],"curies":[{"name":"wp","href":"https:\/\/api.w.org\/{rel}","templated":true}]}}