{"id":6411,"date":"2024-03-31T08:20:01","date_gmt":"2024-03-31T11:20:01","guid":{"rendered":"https:\/\/hdpnoticias.com.ar\/?p=6411"},"modified":"2024-03-31T20:26:51","modified_gmt":"2024-03-31T23:26:51","slug":"dragado-del-puerto-barranqueras-enesima-enganapichanga","status":"publish","type":"post","link":"https:\/\/hdpnoticias.com.ar\/?p=6411","title":{"rendered":"Dragado del Puerto Barranqueras: en\u00e9sima enga\u00f1apichanga"},"content":{"rendered":"\n<p>Por Dar\u00edo Zarco |<\/p>\n\n\n\n<p>El Puerto Barranqueras es un pez afuera del agua. Sin fletes fluviales por la falta de calado del riacho Barranqueras, sin tecnolog\u00eda y con su infraestructura en ruinas, lleva d\u00e9cadas al borde del estado vegetativo.<\/p>\n\n\n\n<p>Este s\u00e1bado el Gobierno public\u00f3 en su sitio oficial que hab\u00eda autorizado a YPF dragar el riacho, como si alguien pudiera negarse a recibir un regalo.<\/p>\n\n\n\n<p>Pr\u00e1cticamente una fake news para entretener a los medios que tendr\u00e1n que darle una importancia que ni el propio gobernador Leandro Zdero le dio, que se corri\u00f3 del anuncio. Era para chapear, pero ni el ministro de Infraestructura, Obras y Servicios P\u00fablicos: Hugo Dom\u00ednguez, dio la cara. Le toc\u00f3 a la exintendente y exdiputada provincial Alicia Azula, ahora en su car\u00e1cter de titular de la Administraci\u00f3n Portuaria Puerto Barranqueras.<\/p>\n\n\n\n<p>Estaba feliz porque la draga recorrer\u00eda desde la desembocadura hasta el kil\u00f3metro 7, el l\u00edmite entre Puerto Vilelas y Barranqueras, donde se ubica el muelle de YPF. Seg\u00fan ella, esto incluye al Puerto y a la Compa\u00f1\u00eda Log\u00edstica del Norte SA (Colono), aunque quedaron expresamente afuera ya que estos est\u00e1n un kil\u00f3metro y pico y 4 kil\u00f3metros m\u00e1s al norte.<\/p>\n\n\n\n<p>El dragado es la t\u00edpica \u201cmateria pendiente\u201d.<\/p>\n\n\n\n<p>El anterior gobernador radical: Roy Nikisch, hoy intendente de Resistencia, no se gast\u00f3: directamente cerr\u00f3 el Puerto y cedi\u00f3 los galpones a la Subsecretar\u00eda de Ciencia y Tecnolog\u00eda del Ministerio de Educaci\u00f3n, que encabezaba su esposa Sof\u00eda Naidenoff, hoy ministra, para un \u201cCentro Tecnol\u00f3gico\u201d donde los chicos reventaban globos y jugaban con t\u00e9mpera.<\/p>\n\n\n\n<p>Despu\u00e9s Jorge Capitanich repiti\u00f3 durante 8 a\u00f1os el discurso de la reactivaci\u00f3n, dragado mediante, jurando que pod\u00eda convencer al Gobierno nacional de sumar el riacho a la hidrov\u00eda Paran\u00e1-Paraguay para que el concesionario lo dragara de vez en cuando. Y agreg\u00f3 un p\u00e1rrafo sobre la creaci\u00f3n de la flota propia que termin\u00f3 en 2 solitarias barcazas cuyo paradero se desconoce.<\/p>\n\n\n\n<p>Despu\u00e9s Domingo Peppo arranc\u00f3 sus 4 a\u00f1os de gobierno encargando el dragado a la Administraci\u00f3n Provincial del Agua, para lo que gir\u00f3 fondos y autoriz\u00f3 el cobro de una tasa de navegaci\u00f3n. Tampoco result\u00f3.<\/p>\n\n\n\n<p>Y volvi\u00f3 Capitanich, le entreg\u00f3 el riacho a Jan De Nul, la compa\u00f1\u00eda belga encargada del dragado y balizamiento de la hidrov\u00eda, que deb\u00eda cobrarse el trabajo con la tasa facturada a los fleteros. Pase\u00f3 con don Jan De Nul en una draga, y eso fue todo.<\/p>\n\n\n\n<p>No es el primer amague. Todos los gobernadores fueron proclives a prometer la recuperaci\u00f3n m\u00e1gica del Puerto Barranqueras. Ninguno lo logr\u00f3. Ahora es el turno de Zdero.<\/p>\n","protected":false},"excerpt":{"rendered":"<p>Por Dar\u00edo Zarco | El Puerto Barranqueras es un pez afuera del agua. Sin fletes fluviales por la falta de calado del riacho Barranqueras, sin tecnolog\u00eda y con su infraestructura en ruinas, lleva d\u00e9cadas al borde del estado vegetativo. Este s\u00e1bado el Gobierno public\u00f3 en su sitio oficial que hab\u00eda autorizado a YPF dragar el [&hellip;]<\/p>\n","protected":false},"author":1,"featured_media":2512,"comment_status":"open","ping_status":"open","sticky":false,"template":"","format":"standard","meta":{"footnotes":""},"categories":[2],"tags":[2509,53,29,1713,192,2340,1955,209,191,241,1711,581,915,3483],"class_list":["post-6411","post","type-post","status-publish","format-standard","has-post-thumbnail","hentry","category-editorial","tag-azula","tag-barranqueras","tag-capitanich","tag-colono","tag-dragado","tag-hidrovia","tag-nikisch","tag-paraguay","tag-parana","tag-peppo","tag-puerto","tag-shell","tag-ypf","tag-zderl"],"_links":{"self":[{"href":"https:\/\/hdpnoticias.com.ar\/index.php?rest_route=\/wp\/v2\/posts\/6411","targetHints":{"allow":["GET"]}}],"collection":[{"href":"https:\/\/hdpnoticias.com.ar\/index.php?rest_route=\/wp\/v2\/posts"}],"about":[{"href":"https:\/\/hdpnoticias.com.ar\/index.php?rest_route=\/wp\/v2\/types\/post"}],"author":[{"embeddable":true,"href":"https:\/\/hdpnoticias.com.ar\/index.php?rest_route=\/wp\/v2\/users\/1"}],"replies":[{"embeddable":true,"href":"https:\/\/hdpnoticias.com.ar\/index.php?rest_route=%2Fwp%2Fv2%2Fcomments&post=6411"}],"version-history":[{"count":2,"href":"https:\/\/hdpnoticias.com.ar\/index.php?rest_route=\/wp\/v2\/posts\/6411\/revisions"}],"predecessor-version":[{"id":6417,"href":"https:\/\/hdpnoticias.com.ar\/index.php?rest_route=\/wp\/v2\/posts\/6411\/revisions\/6417"}],"wp:featuredmedia":[{"embeddable":true,"href":"https:\/\/hdpnoticias.com.ar\/index.php?rest_route=\/wp\/v2\/media\/2512"}],"wp:attachment":[{"href":"https:\/\/hdpnoticias.com.ar\/index.php?rest_route=%2Fwp%2Fv2%2Fmedia&parent=6411"}],"wp:term":[{"taxonomy":"category","embeddable":true,"href":"https:\/\/hdpnoticias.com.ar\/index.php?rest_route=%2Fwp%2Fv2%2Fcategories&post=6411"},{"taxonomy":"post_tag","embeddable":true,"href":"https:\/\/hdpnoticias.com.ar\/index.php?rest_route=%2Fwp%2Fv2%2Ftags&post=6411"}],"curies":[{"name":"wp","href":"https:\/\/api.w.org\/{rel}","templated":true}]}}