{"id":638,"date":"2023-02-01T05:57:36","date_gmt":"2023-02-01T08:57:36","guid":{"rendered":"http:\/\/hdpnoticias.com.ar\/?p=638"},"modified":"2023-03-10T12:35:37","modified_gmt":"2023-03-10T15:35:37","slug":"pedrini-cree-que-capitanich-le-ganaria-caminando-las-paso-a-alberto-fernandez","status":"publish","type":"post","link":"https:\/\/hdpnoticias.com.ar\/?p=638","title":{"rendered":"Pedrini cree que Capitanich le ganar\u00eda caminando las Paso a Alberto Fern\u00e1ndez"},"content":{"rendered":"\n<p>El gobernador Jorge Capitanich dijo la semana pasada que si el presidente Alberto Fern\u00e1ndez decidiera postularse para la reelecci\u00f3n, no deber\u00eda tener oponentes, por ostentar la m\u00e1xima representaci\u00f3n institucional del oficialismo.<\/p>\n\n\n\n<p>El diputado nacional Juan Manuel Pedrini reconoci\u00f3 que generalmente est\u00e1 \u201cun 99 por ciento de acuerdo con lo que piensa Capitanich\u201d, pero que esta idea cay\u00f3 en el 1 por ciento restante, y se permite \u201cdisentir\u201d.<\/p>\n\n\n\n<p>Para \u00e9l, \u201csi se presenta Alberto Fern\u00e1ndez, quienes no se tienen que presentar son sus ministros\u201d, pero que el resto no deber\u00eda tener impedimentos de ninguna naturaleza.<\/p>\n\n\n\n<p>\u201cOjal\u00e1 se presente Capitanich, est\u00e9 o no est\u00e9 Alberto Fern\u00e1ndez. Somos muchos en el pa\u00eds los que queremos que Capitanich se presente\u201d, dijo, entrevistado en Chaco TV.<\/p>\n\n\n\n<p>\u201cEn un pa\u00eds en que la pol\u00edtica se corri\u00f3 a la derecha, queremos tener un candidato progresista, que exprese la industria, el trabajo argentino y el interior profundo\u201d, argument\u00f3.<\/p>\n\n\n\n<p>\u201cSi Alberto Fern\u00e1ndez se presenta, Jorge Ca\u00edtanich no est\u00e1 vetado para intentar ser &nbsp;presidente de la Rep\u00fablica\u201d, insisti\u00f3.<\/p>\n\n\n\n<p>Para eso, entiende que \u201cnecesitamos una Paso muy fuerte\u201d, y dese\u00f3: \u201cOjal\u00e1 que se presente Alberto Fern\u00e1ndez y Jorge Capitanich, y los que sean\u201d. Porque est\u00e1 convencido de que \u201cNadie va a expresar como Capitanich ese pa\u00eds industrial, de apoyo a la ciencia, al crecimiento, con prioridad por el empleo y sobre todo para hacer un pa\u00eds m\u00e1s equitativo, e ir borrando las desigualdades\u201d.<\/p>\n\n\n\n<p>Por si no hab\u00eda quedado clara su postura, agreg\u00f3: \u201cNo hay mejor cuadro pol\u00edtico que Capitanich para expresar eso, ojal\u00e1 haya una gran Paso y que haya otros tambi\u00e9n para poder decidir democr\u00e1ticamente qui\u00e9n es el mejor candidato del peronismo\u201d.<\/p>\n\n\n\n<p>\u201cEl pr\u00f3ximo candidato tiene que llegar por fuerza propia, un presidente sin tutelaje de ning\u00fan tipo\u201d, dijo Pedrini para completar, relativizando el peso pol\u00edtico de Alberto Fern\u00e1ndez que en 2019 lleg\u00f3 a la Presidencia de la mano de Cristina Fern\u00e1ndez que lo eligi\u00f3 para encabezar la f\u00f3rmula cuando nadie lo ten\u00eda en los planes.<\/p>\n\n\n\n<p>Este mi\u00e9rcoles el Presidente visitar\u00e1 la provincia para inaugurar obras y hacer anuncios junto al Gobernador en El Impenetrable, seg\u00fan se inform\u00f3 oficialmente.<\/p>\n","protected":false},"excerpt":{"rendered":"<p>El gobernador Jorge Capitanich dijo la semana pasada que si el presidente Alberto Fern\u00e1ndez decidiera postularse para la reelecci\u00f3n, no deber\u00eda tener oponentes, por ostentar la m\u00e1xima representaci\u00f3n institucional del oficialismo. El diputado nacional Juan Manuel Pedrini reconoci\u00f3 que generalmente est\u00e1 \u201cun 99 por ciento de acuerdo con lo que piensa Capitanich\u201d, pero que esta [&hellip;]<\/p>\n","protected":false},"author":1,"featured_media":639,"comment_status":"open","ping_status":"open","sticky":false,"template":"","format":"standard","meta":{"footnotes":""},"categories":[27],"tags":[],"class_list":["post-638","post","type-post","status-publish","format-standard","has-post-thumbnail","hentry","category-politica"],"_links":{"self":[{"href":"https:\/\/hdpnoticias.com.ar\/index.php?rest_route=\/wp\/v2\/posts\/638","targetHints":{"allow":["GET"]}}],"collection":[{"href":"https:\/\/hdpnoticias.com.ar\/index.php?rest_route=\/wp\/v2\/posts"}],"about":[{"href":"https:\/\/hdpnoticias.com.ar\/index.php?rest_route=\/wp\/v2\/types\/post"}],"author":[{"embeddable":true,"href":"https:\/\/hdpnoticias.com.ar\/index.php?rest_route=\/wp\/v2\/users\/1"}],"replies":[{"embeddable":true,"href":"https:\/\/hdpnoticias.com.ar\/index.php?rest_route=%2Fwp%2Fv2%2Fcomments&post=638"}],"version-history":[{"count":3,"href":"https:\/\/hdpnoticias.com.ar\/index.php?rest_route=\/wp\/v2\/posts\/638\/revisions"}],"predecessor-version":[{"id":1260,"href":"https:\/\/hdpnoticias.com.ar\/index.php?rest_route=\/wp\/v2\/posts\/638\/revisions\/1260"}],"wp:featuredmedia":[{"embeddable":true,"href":"https:\/\/hdpnoticias.com.ar\/index.php?rest_route=\/wp\/v2\/media\/639"}],"wp:attachment":[{"href":"https:\/\/hdpnoticias.com.ar\/index.php?rest_route=%2Fwp%2Fv2%2Fmedia&parent=638"}],"wp:term":[{"taxonomy":"category","embeddable":true,"href":"https:\/\/hdpnoticias.com.ar\/index.php?rest_route=%2Fwp%2Fv2%2Fcategories&post=638"},{"taxonomy":"post_tag","embeddable":true,"href":"https:\/\/hdpnoticias.com.ar\/index.php?rest_route=%2Fwp%2Fv2%2Ftags&post=638"}],"curies":[{"name":"wp","href":"https:\/\/api.w.org\/{rel}","templated":true}]}}