{"id":6357,"date":"2024-03-24T22:33:52","date_gmt":"2024-03-25T01:33:52","guid":{"rendered":"https:\/\/hdpnoticias.com.ar\/?p=6357"},"modified":"2024-03-24T22:33:54","modified_gmt":"2024-03-25T01:33:54","slug":"crimen-en-barranqueras-detuvieron-a-un-hombre-por-encubrimiento","status":"publish","type":"post","link":"https:\/\/hdpnoticias.com.ar\/?p=6357","title":{"rendered":"Crimen en Barranqueras: detuvieron a un hombre por encubrimiento"},"content":{"rendered":"\n<p>El mediod\u00eda de este domingo un hombre dispar\u00f3 a mansalva contra un local en el que se desarrollaba una fiesta familiar, en la calle Timb\u00f3 y Cervantes, en el barrio Las Malvinas, en Barranqueras.<\/p>\n\n\n\n<p>En la balacera uno de los proyectiles <strong><a href=\"https:\/\/hdpnoticias.com.ar\/?p=6354\">impact\u00f3 en la cabeza a V\u00edctor David L\u00f3pez, de 30 a\u00f1os, que muri\u00f3 en el acto<\/a><\/strong>.<\/p>\n\n\n\n<p>Los tetigos dijeronq ue el tirador lleg\u00f3 junto a otro a bordo de una motocicleta de cross y dispar\u00f3 desde la calle, e inmediatamente huyeron del lugar.<\/p>\n\n\n\n<p>Esto orient\u00f3 la investigaci\u00f3n, ya que poco antes 2 sujetos en una moto de las mismas caracter\u00edsticas hab\u00edan protagonizado un altercado con Dar\u00edo y H\u00e9ctor Aranda, que ser\u00edan hermanos de la propietaria del lugar. Y tras la pelea amenazaron con regresar.<\/p>\n\n\n\n<p>Efectivamente, en grabaciones de als c\u00e1maras de seguridad de la zona los polic\u00edas lograron individualizar a los motociclistas.<\/p>\n\n\n\n<p>Por esto le solicitaron a uno de los involucrados en la pelea, durante su declaraci\u00f3n testimonial, informaci\u00f3n que permita identificar a los presuntos autores de la balacera, pero se neg\u00f3 a colaborar.<\/p>\n\n\n\n<p>Por esto, el fiscal del caso orden\u00f3 su detenci\u00f3n y la apertura de una causa por encubrimiento.<\/p>\n","protected":false},"excerpt":{"rendered":"<p>El mediod\u00eda de este domingo un hombre dispar\u00f3 a mansalva contra un local en el que se desarrollaba una fiesta familiar, en la calle Timb\u00f3 y Cervantes, en el barrio Las Malvinas, en Barranqueras. En la balacera uno de los proyectiles impact\u00f3 en la cabeza a V\u00edctor David L\u00f3pez, de 30 a\u00f1os, que muri\u00f3 en [&hellip;]<\/p>\n","protected":false},"author":1,"featured_media":6358,"comment_status":"open","ping_status":"open","sticky":false,"template":"","format":"standard","meta":{"footnotes":""},"categories":[26],"tags":[275,2054,53,87,1867,3275],"class_list":["post-6357","post","type-post","status-publish","format-standard","has-post-thumbnail","hentry","category-policiales","tag-asesinato","tag-balacera","tag-barranqueras","tag-crimen","tag-encubrimiento","tag-las-malvinas"],"_links":{"self":[{"href":"https:\/\/hdpnoticias.com.ar\/index.php?rest_route=\/wp\/v2\/posts\/6357","targetHints":{"allow":["GET"]}}],"collection":[{"href":"https:\/\/hdpnoticias.com.ar\/index.php?rest_route=\/wp\/v2\/posts"}],"about":[{"href":"https:\/\/hdpnoticias.com.ar\/index.php?rest_route=\/wp\/v2\/types\/post"}],"author":[{"embeddable":true,"href":"https:\/\/hdpnoticias.com.ar\/index.php?rest_route=\/wp\/v2\/users\/1"}],"replies":[{"embeddable":true,"href":"https:\/\/hdpnoticias.com.ar\/index.php?rest_route=%2Fwp%2Fv2%2Fcomments&post=6357"}],"version-history":[{"count":1,"href":"https:\/\/hdpnoticias.com.ar\/index.php?rest_route=\/wp\/v2\/posts\/6357\/revisions"}],"predecessor-version":[{"id":6359,"href":"https:\/\/hdpnoticias.com.ar\/index.php?rest_route=\/wp\/v2\/posts\/6357\/revisions\/6359"}],"wp:featuredmedia":[{"embeddable":true,"href":"https:\/\/hdpnoticias.com.ar\/index.php?rest_route=\/wp\/v2\/media\/6358"}],"wp:attachment":[{"href":"https:\/\/hdpnoticias.com.ar\/index.php?rest_route=%2Fwp%2Fv2%2Fmedia&parent=6357"}],"wp:term":[{"taxonomy":"category","embeddable":true,"href":"https:\/\/hdpnoticias.com.ar\/index.php?rest_route=%2Fwp%2Fv2%2Fcategories&post=6357"},{"taxonomy":"post_tag","embeddable":true,"href":"https:\/\/hdpnoticias.com.ar\/index.php?rest_route=%2Fwp%2Fv2%2Ftags&post=6357"}],"curies":[{"name":"wp","href":"https:\/\/api.w.org\/{rel}","templated":true}]}}