{"id":635,"date":"2023-01-31T22:12:41","date_gmt":"2023-02-01T01:12:41","guid":{"rendered":"http:\/\/hdpnoticias.com.ar\/?p=635"},"modified":"2023-01-31T22:12:44","modified_gmt":"2023-02-01T01:12:44","slug":"juanca-se-presenta-como-la-renovacion-en-saenz-pena-tengo-la-edad-de-la-mujer-que-amo","status":"publish","type":"post","link":"https:\/\/hdpnoticias.com.ar\/?p=635","title":{"rendered":"Juanca se presenta como la renovaci\u00f3n en S\u00e1enz Pe\u00f1a: Tengo la edad de la mujer que amo"},"content":{"rendered":"\n<p>\u201cMi viejo me ense\u00f1\u00f3 que el hombre tiene la edad de la mujer que ama\u201d, respondi\u00f3 el diputado provincial Juan Carlos Ayala cuando le preguntaron sobre su edad y su estado de salud y si considera tener la energ\u00eda suficiente para dar la pelea por la intendencia de Presidencia Roque S\u00e1enz Pe\u00f1a. Como se propuso.<\/p>\n\n\n\n<p>\u201cTodos saben que estoy saliendo con alguien m\u00e1s joven que yo y eso parece que le da a uno la fuerza que necesita\u201d, ampli\u00f3, entrevistado por Gustavo Ramela en Radio Visi\u00f3n, aunque puso r\u00e1pidamente un punto: \u201c\u2026pero la vida privada de las personas est\u00e1 exenta de la autoridad de los magistrados y s\u00f3lo reservadas a Dios\u201d.<\/p>\n\n\n\n<p>Ayala ya est\u00e1 lanzado, tal es as\u00ed que la semana pasada recibi\u00f3 como como precandidato a intendente de la Ciudad Termal al intendente de Resistencia: Gustavo Mart\u00ednez.<\/p>\n\n\n\n<p>No obstante, dijo preferir no arrogarse ninguna candidatura, aunque confi\u00f3 en contar con el respaldo necesario para lograr el \u201cconsenso\u201d para dar ese paso que entiende como \u201crenovaci\u00f3n\u201d en el peronismo local.<\/p>\n\n\n\n<p>\u201cNosotros planteamos todo el tiempo la renovaci\u00f3n. Pero la renovaci\u00f3n no pasa por la edad, sino por volver a Per\u00f3n y Evita, volver a las fuentes, al contacto con la gente, a ser transparente. A la propuesta peronista, a decir ac\u00e1 estamos\u201d, defini\u00f3.<\/p>\n\n\n\n<p>De paso, no escatim\u00f3 cr\u00edticas a autoridades partidarias y concejales justicialistas.<\/p>\n\n\n\n<p>\u201cEn S\u00e1enz Pe\u00f1a nos falta todo. Hace mucho no tenemos un partido que se transforme en asamblea popular, que la gente vaya y vea a los funcionarios. Que expliquen lo que est\u00e1n haciendo, como debe ser. No se trata de agarrar un cargo nom\u00e1s: Los concejales no pueden conseguir que el intendente diga cu\u00e1nto gast\u00f3 en la plaza\u201d, dispar\u00f3. Y remat\u00f3: \u201c,,,y bueno, alguno tiene que renuncia y dedicarse a otra cosa. No podemos quejarnos todo el tiempo del gobernador y el Presidente, tenemos que hacer algo nosotros tambi\u00e9n\u201d.<\/p>\n\n\n\n<p>Record\u00f3 que \u201cen S\u00e1enz Pe\u00f1a hay muchos funcionarios provinciales que la gente ni conoce, cuando deber\u00edan rendir cuentas permanentemente\u201d.<\/p>\n\n\n\n<p><strong>No soy ning\u00fan turista<\/strong><\/p>\n\n\n\n<p>En 2019 el entonces vicegobernador Daniel Capitanich fue el candidato oficialista a la intendencia, impulsado por su hermano el gobernador Jorge Capitanich, que ven\u00eda por su tercer mandato, pero la empresa termin\u00f3 en una contundente derrota frente al radical Bruno Cipolini.<\/p>\n\n\n\n<p>\u201cEl Dani\u201d no logr\u00f3 sobreponerse al mote de \u201cturista electoral\u201d que no s\u00f3lo le asignaron sus detractores sino tambi\u00e9n algunos de sus propios partidarios, por su pasado reciente como intendente de Campo Largo.<\/p>\n\n\n\n<p>\u201cEso no me preocupa porque no soy ning\u00fan turista, yo nunca me fui de S\u00e1enz Pe\u00f1a, nunca abandon\u00e9 a la gente ni dej\u00e9 de militar. Ya llevo m\u00e1s de 50 a\u00f1os de militancia\u201d, dijo Ayala, aunque admiti\u00f3: \u201cEl \u00faltimo tiempo estuvo m\u00e1s dedicado a Barranqueras, pero por una cuesti\u00f3n personal. Y nos fue bien: en 3 a\u00f1os hicimos m\u00e1s que los gobiernos radicales en 20\u201d, compar\u00f3 y asegur\u00f3 que \u201ceso tiene que pasar en S\u00e1enz Pe\u00f1a, hay que incorporarla a un proyecto de crecimiento\u201d.<\/p>\n","protected":false},"excerpt":{"rendered":"<p>\u201cMi viejo me ense\u00f1\u00f3 que el hombre tiene la edad de la mujer que ama\u201d, respondi\u00f3 el diputado provincial Juan Carlos Ayala cuando le preguntaron sobre su edad y su estado de salud y si considera tener la energ\u00eda suficiente para dar la pelea por la intendencia de Presidencia Roque S\u00e1enz Pe\u00f1a. Como se propuso. [&hellip;]<\/p>\n","protected":false},"author":1,"featured_media":636,"comment_status":"open","ping_status":"open","sticky":false,"template":"","format":"standard","meta":{"footnotes":""},"categories":[27],"tags":[392,29,395,394,396,400,393,399,398,397],"class_list":["post-635","post","type-post","status-publish","format-standard","has-post-thumbnail","hentry","category-politica","tag-ayala","tag-capitanich","tag-cipolini","tag-dani","tag-delon","tag-evita","tag-juanca","tag-peron","tag-peronista","tag-renovacion"],"_links":{"self":[{"href":"https:\/\/hdpnoticias.com.ar\/index.php?rest_route=\/wp\/v2\/posts\/635","targetHints":{"allow":["GET"]}}],"collection":[{"href":"https:\/\/hdpnoticias.com.ar\/index.php?rest_route=\/wp\/v2\/posts"}],"about":[{"href":"https:\/\/hdpnoticias.com.ar\/index.php?rest_route=\/wp\/v2\/types\/post"}],"author":[{"embeddable":true,"href":"https:\/\/hdpnoticias.com.ar\/index.php?rest_route=\/wp\/v2\/users\/1"}],"replies":[{"embeddable":true,"href":"https:\/\/hdpnoticias.com.ar\/index.php?rest_route=%2Fwp%2Fv2%2Fcomments&post=635"}],"version-history":[{"count":1,"href":"https:\/\/hdpnoticias.com.ar\/index.php?rest_route=\/wp\/v2\/posts\/635\/revisions"}],"predecessor-version":[{"id":637,"href":"https:\/\/hdpnoticias.com.ar\/index.php?rest_route=\/wp\/v2\/posts\/635\/revisions\/637"}],"wp:featuredmedia":[{"embeddable":true,"href":"https:\/\/hdpnoticias.com.ar\/index.php?rest_route=\/wp\/v2\/media\/636"}],"wp:attachment":[{"href":"https:\/\/hdpnoticias.com.ar\/index.php?rest_route=%2Fwp%2Fv2%2Fmedia&parent=635"}],"wp:term":[{"taxonomy":"category","embeddable":true,"href":"https:\/\/hdpnoticias.com.ar\/index.php?rest_route=%2Fwp%2Fv2%2Fcategories&post=635"},{"taxonomy":"post_tag","embeddable":true,"href":"https:\/\/hdpnoticias.com.ar\/index.php?rest_route=%2Fwp%2Fv2%2Ftags&post=635"}],"curies":[{"name":"wp","href":"https:\/\/api.w.org\/{rel}","templated":true}]}}