{"id":6239,"date":"2024-03-13T22:10:03","date_gmt":"2024-03-14T01:10:03","guid":{"rendered":"https:\/\/hdpnoticias.com.ar\/?p=6239"},"modified":"2024-03-13T22:10:05","modified_gmt":"2024-03-14T01:10:05","slug":"ola-de-calor-y-colapso-energetico-secheep-culpa-a-la-pesada-herencia","status":"publish","type":"post","link":"https:\/\/hdpnoticias.com.ar\/?p=6239","title":{"rendered":"Ola de calor y colapso energ\u00e9tico: Secheep culpa a la pesada herencia"},"content":{"rendered":"\n<p>Las altas temperaturas registradas en lo que va de la semana en todo el territorio provincial generaron un incremento de consumo de energ\u00eda el\u00e9ctrica que puso en jaque el sistema de distribuci\u00f3n de Secheep.<\/p>\n\n\n\n<p>Mega transformadores que quedaron chicos, cortes de suministro y recurrentes bajones de tensi\u00f3n afectan a los clientes de la empresa provincial que a trav\u00e9s de un comunicado admiti\u00f3 el riesgo de colapso.<\/p>\n\n\n\n<p>En las redes sociales Secheep reconoci\u00f3 las consecuencias que podr\u00eda generar la alta demanda de energ\u00eda y emiti\u00f3 \u201ctips\u201d para reducir el consumo y un uso racional de la electricidad. Y al buscar responsables de la situaci\u00f3n, apunt\u00f3 directamente a la gesti\u00f3n anterior al se\u00f1alar que los problemas que atraviesa el sistema se deben a la falta de previsi\u00f3n e inversi\u00f3n de los \u00faltimos a\u00f1os.<\/p>\n","protected":false},"excerpt":{"rendered":"<p>Las altas temperaturas registradas en lo que va de la semana en todo el territorio provincial generaron un incremento de consumo de energ\u00eda el\u00e9ctrica que puso en jaque el sistema de distribuci\u00f3n de Secheep. Mega transformadores que quedaron chicos, cortes de suministro y recurrentes bajones de tensi\u00f3n afectan a los clientes de la empresa provincial [&hellip;]<\/p>\n","protected":false},"author":1,"featured_media":5236,"comment_status":"open","ping_status":"open","sticky":false,"template":"","format":"standard","meta":{"footnotes":""},"categories":[6],"tags":[987,3408,3409,3206,3410,232],"class_list":["post-6239","post","type-post","status-publish","format-standard","has-post-thumbnail","hentry","category-info-general","tag-colapso","tag-consumo","tag-demanda","tag-ola-de-calor","tag-pesada-herencia","tag-secheep"],"_links":{"self":[{"href":"https:\/\/hdpnoticias.com.ar\/index.php?rest_route=\/wp\/v2\/posts\/6239","targetHints":{"allow":["GET"]}}],"collection":[{"href":"https:\/\/hdpnoticias.com.ar\/index.php?rest_route=\/wp\/v2\/posts"}],"about":[{"href":"https:\/\/hdpnoticias.com.ar\/index.php?rest_route=\/wp\/v2\/types\/post"}],"author":[{"embeddable":true,"href":"https:\/\/hdpnoticias.com.ar\/index.php?rest_route=\/wp\/v2\/users\/1"}],"replies":[{"embeddable":true,"href":"https:\/\/hdpnoticias.com.ar\/index.php?rest_route=%2Fwp%2Fv2%2Fcomments&post=6239"}],"version-history":[{"count":1,"href":"https:\/\/hdpnoticias.com.ar\/index.php?rest_route=\/wp\/v2\/posts\/6239\/revisions"}],"predecessor-version":[{"id":6240,"href":"https:\/\/hdpnoticias.com.ar\/index.php?rest_route=\/wp\/v2\/posts\/6239\/revisions\/6240"}],"wp:featuredmedia":[{"embeddable":true,"href":"https:\/\/hdpnoticias.com.ar\/index.php?rest_route=\/wp\/v2\/media\/5236"}],"wp:attachment":[{"href":"https:\/\/hdpnoticias.com.ar\/index.php?rest_route=%2Fwp%2Fv2%2Fmedia&parent=6239"}],"wp:term":[{"taxonomy":"category","embeddable":true,"href":"https:\/\/hdpnoticias.com.ar\/index.php?rest_route=%2Fwp%2Fv2%2Fcategories&post=6239"},{"taxonomy":"post_tag","embeddable":true,"href":"https:\/\/hdpnoticias.com.ar\/index.php?rest_route=%2Fwp%2Fv2%2Ftags&post=6239"}],"curies":[{"name":"wp","href":"https:\/\/api.w.org\/{rel}","templated":true}]}}