{"id":6206,"date":"2024-03-09T20:19:58","date_gmt":"2024-03-09T23:19:58","guid":{"rendered":"https:\/\/hdpnoticias.com.ar\/?p=6206"},"modified":"2024-03-09T20:20:01","modified_gmt":"2024-03-09T23:20:01","slug":"48-milei-aumento-su-sueldo-y-el-de-sus-funcionarios-pero-culpo-a-cristina","status":"publish","type":"post","link":"https:\/\/hdpnoticias.com.ar\/?p=6206","title":{"rendered":"48%: Milei aument\u00f3 su sueldo y el de sus funcionarios pero culp\u00f3 a Cristina"},"content":{"rendered":"\n<p>El presidente de la Naci\u00f3n: Javier Milei, decret\u00f3 un incremento salarial de 48% para \u00e9l y todos los funcionarios de su gabinete pero tras conocerse el salariazo volvi\u00f3 sobre sus pasos y anunci\u00f3 que retrotraer\u00e1 la medida.<\/p>\n\n\n\n<p>Seg\u00fan \u00e9l, todo se origin\u00f3 en 2010 con una medida de Cristina que defin\u00eda que ning\u00fan funcionario pol\u00edtico cobrar\u00eda incrementos menores a los percibidos por el personal administrativo.<\/p>\n\n\n\n<p>Sin embargo el decreto fue firmado el pasado 28 de febrero junto al jefe de Gabinete: Nicol\u00e1s Posse, y la ministra de Capital Humano: Sandra Pettovello, pero Milei culp\u00f3 a la expresidente Cristina Fern\u00e1ndez por el aumento.<\/p>\n\n\n\n<p>El Presidente intent\u00f3 invertir la carga de la prueba a trav\u00e9s de las redes sociales, calificando la cuesti\u00f3n como \u201cotro privilegio\u201d de la casta que descubri\u00f3 y ya est\u00e1 presto para desbaratar.<\/p>\n\n\n\n<p>Pero Cristina le respondi\u00f3 tild\u00e1ndolo de \u201cpoco valiente\u201d por no asumir su responsabilidad. \u201cM\u00e1s casta y poco original no se consigue\u201d, expres\u00f3 al se\u00f1alar que le recuerda a otra persona que tambi\u00e9n descargaba culpas en una mujer, aparentemente, en alusi\u00f3n al expresidente Alberto Fern\u00e1ndez quien responsabiliz\u00f3 a su \u201cquerida Fabiola\u201d por la fiesta en Olivos durante la cuarentena por Covid.<\/p>\n","protected":false},"excerpt":{"rendered":"<p>El presidente de la Naci\u00f3n: Javier Milei, decret\u00f3 un incremento salarial de 48% para \u00e9l y todos los funcionarios de su gabinete pero tras conocerse el salariazo volvi\u00f3 sobre sus pasos y anunci\u00f3 que retrotraer\u00e1 la medida. Seg\u00fan \u00e9l, todo se origin\u00f3 en 2010 con una medida de Cristina que defin\u00eda que ning\u00fan funcionario pol\u00edtico [&hellip;]<\/p>\n","protected":false},"author":1,"featured_media":4568,"comment_status":"open","ping_status":"open","sticky":false,"template":"","format":"standard","meta":{"footnotes":""},"categories":[27],"tags":[1320,1321,453,3390,943,3389,1319,3370,3391],"class_list":["post-6206","post","type-post","status-publish","format-standard","has-post-thumbnail","hentry","category-politica","tag-casta","tag-covid","tag-cristina","tag-cuarentena","tag-decreto","tag-fabiola","tag-milei","tag-olivos","tag-salariazo"],"_links":{"self":[{"href":"https:\/\/hdpnoticias.com.ar\/index.php?rest_route=\/wp\/v2\/posts\/6206","targetHints":{"allow":["GET"]}}],"collection":[{"href":"https:\/\/hdpnoticias.com.ar\/index.php?rest_route=\/wp\/v2\/posts"}],"about":[{"href":"https:\/\/hdpnoticias.com.ar\/index.php?rest_route=\/wp\/v2\/types\/post"}],"author":[{"embeddable":true,"href":"https:\/\/hdpnoticias.com.ar\/index.php?rest_route=\/wp\/v2\/users\/1"}],"replies":[{"embeddable":true,"href":"https:\/\/hdpnoticias.com.ar\/index.php?rest_route=%2Fwp%2Fv2%2Fcomments&post=6206"}],"version-history":[{"count":1,"href":"https:\/\/hdpnoticias.com.ar\/index.php?rest_route=\/wp\/v2\/posts\/6206\/revisions"}],"predecessor-version":[{"id":6207,"href":"https:\/\/hdpnoticias.com.ar\/index.php?rest_route=\/wp\/v2\/posts\/6206\/revisions\/6207"}],"wp:featuredmedia":[{"embeddable":true,"href":"https:\/\/hdpnoticias.com.ar\/index.php?rest_route=\/wp\/v2\/media\/4568"}],"wp:attachment":[{"href":"https:\/\/hdpnoticias.com.ar\/index.php?rest_route=%2Fwp%2Fv2%2Fmedia&parent=6206"}],"wp:term":[{"taxonomy":"category","embeddable":true,"href":"https:\/\/hdpnoticias.com.ar\/index.php?rest_route=%2Fwp%2Fv2%2Fcategories&post=6206"},{"taxonomy":"post_tag","embeddable":true,"href":"https:\/\/hdpnoticias.com.ar\/index.php?rest_route=%2Fwp%2Fv2%2Ftags&post=6206"}],"curies":[{"name":"wp","href":"https:\/\/api.w.org\/{rel}","templated":true}]}}