{"id":6193,"date":"2024-03-09T06:45:40","date_gmt":"2024-03-09T09:45:40","guid":{"rendered":"https:\/\/hdpnoticias.com.ar\/?p=6193"},"modified":"2024-03-09T06:51:31","modified_gmt":"2024-03-09T09:51:31","slug":"el-techo-de-cristal-blindado","status":"publish","type":"post","link":"https:\/\/hdpnoticias.com.ar\/?p=6193","title":{"rendered":"El techo de cristal blindado"},"content":{"rendered":"\n<p>Por Dar\u00edo Zarco |<\/p>\n\n\n\n<p>El Gobierno nacional convoc\u00f3 a los gobernadores de todas las provincias y al jefe de Gobierno de la Ciudad Aut\u00f3noma de Buenos Aires a un encuentro en Casa Rosada para madurar el denominado Pacto de Mayo propuesto por el presidente Javier Milei en el Congreso.<\/p>\n\n\n\n<p>La foto de la reuni\u00f3n, tomada justo el D\u00eda Internacional de la Mujer sirvi\u00f3 para documentar que Argentina est\u00e1 gobernada por varones.<\/p>\n\n\n\n<p>Todas las provincias fueron representadas por sus m\u00e1ximas autoridades. S\u00f3lo faltaron, por un lado: Alfredo Cornejo, de Mendoza, de viaje en Canad\u00e1, y Maximiliano Pullaro, de Santa Fe que, por estas horas enfrenta una ola de violencia narcoterrorista en Rosario. Y por el otro: Ricardo Quintela, de La Rioja, y Gildo Insfr\u00e1n, de Formosa, que aprovecharon para tomar distancia de la Naci\u00f3n.<\/p>\n\n\n\n<p>En su remplazo asistieron sendos vices: el formose\u00f1o Eber Sol\u00eds; Hebe Casado, de Mendoza; Gisela Scaglia, de Santa Fe; y Teresa Madera, de La Rioja. Estas 3, suplentes de 3 hombres, fueron las \u00fanicas damas de la mesa.<\/p>\n\n\n\n<p>Leandro Zdero (Chaco), Carlos Sadir (Jujuy), Osvaldo Jaldo (Tucum\u00e1n), Ra\u00fal Jalil (Catamarca), Axel Kicillof (Buenos Aires), Mart\u00edn Llaryora (C\u00f3rdoba), Rogelio Frigerio (Entre R\u00edos), Sergio Ziliotto (La Pampa), Marcelo Orrego (San Juan), Gustavo Vald\u00e9s (Corrientes), Jorge Macri (CABA), Gustavo S\u00e1enz (Salta), Hugo Passalacqua (Misiones), Gustavo Melella (Tierra del Fuego), Claudio Poggi (San Luis), Rolando Figueroa (Neuqu\u00e9n), Ignacio Torres (Chubut), Claudio Vidal (Santa Cruz), Alberto Weretilneck (R\u00edo Negro) y Gerardo Zamora (Santiago del Estero), fueron los titulares.<\/p>\n\n\n\n<p>Y Milei fue representado por el jefe de Gabinete: Nicolas Posse, y el ministro de Interior: Guillermo Francos. No hubo lugar ni para su hermana Karina, secretaria general de la Presidencia, a quien llama &#8220;El Jefe&#8221;, que a esa hora estaba rebautizando el Sal\u00f3n de las Mujeres como Sal\u00f3n de los Pr\u00f3ceres.<\/p>\n\n\n\n<p>Muy pocas provincias tienen a mujeres en la f\u00f3rmula gubernamental, entre ellas Chaco, que va por su segunda vicegobernadora consecutiva.<\/p>\n\n\n\n<p>Tras el intento frustrado de Elda P\u00e9rtile detr\u00e1s de Jorge Capitanich en 1999, 20 a\u00f1os despu\u00e9s lleg\u00f3 Anal\u00eda Rach Quiroga, tambi\u00e9n con Capitanich. \u00cdnterin, A\u00edda Ayala encabez\u00f3 sin \u00e9xito una f\u00f3rmula gubernamental en 2015. Y ahora Silvana Schneider secunda a Leandro Zdero.<\/p>\n\n\n\n<p>Al margen de que la Constituci\u00f3n del Chaco le asigna al vice la importancia de un adorno. Durante 4 a\u00f1os Anal\u00eda ocup\u00f3 su lugar a 2 metros y un paso atr\u00e1s de Capitanich en algunas conferencias de prensa, en silencio. Tan as\u00ed que su intervenci\u00f3n m\u00e1s recordada fue la presentaci\u00f3n de \u201cla equipa\u201d y su manual para que \u201ctodos, todas y todes\u201d aprendan a comunicar con \u201cperspectiva de g\u00e9nero\u201d en los medios. Cuesta encontrar en los buscadores noticias sobre su gesti\u00f3n que no sea alguna actividad de relleno en El Impenetrable.<\/p>\n\n\n\n<p>Y Zdero parece estar aplicando el manual de su antecesor. A Silvana le toc\u00f3 invitar a participar de las actividades encabezadas por \u00e9l, programadas para conmemorar el D\u00eda de la Mujer, rodeada de funcionarias que a\u00fan no conocemos y que, a este ritmo, no vamos a conocer.<\/p>\n\n\n\n<p>\u2026y hasta el pr\u00f3ximo 8 de marzo.<\/p>\n","protected":false},"excerpt":{"rendered":"<p>Por Dar\u00edo Zarco | El Gobierno nacional convoc\u00f3 a los gobernadores de todas las provincias y al jefe de Gobierno de la Ciudad Aut\u00f3noma de Buenos Aires a un encuentro en Casa Rosada para madurar el denominado Pacto de Mayo propuesto por el presidente Javier Milei en el Congreso. La foto de la reuni\u00f3n, tomada [&hellip;]<\/p>\n","protected":false},"author":1,"featured_media":6194,"comment_status":"open","ping_status":"open","sticky":false,"template":"","format":"standard","meta":{"footnotes":""},"categories":[2],"tags":[1467,259,29,1108,2755,3381,485,1763,1319,701,3386,2072,1289,3387,3385,921],"class_list":["post-6193","post","type-post","status-publish","format-standard","has-post-thumbnail","hentry","category-editorial","tag-aida","tag-argentina","tag-capitanich","tag-casa-rosada","tag-constitucion","tag-dia-de-la-mujer","tag-genero","tag-gobernadores","tag-milei","tag-mujeres","tag-pertile","tag-rach","tag-schneider","tag-techo-de-cristal","tag-varones","tag-zdero"],"_links":{"self":[{"href":"https:\/\/hdpnoticias.com.ar\/index.php?rest_route=\/wp\/v2\/posts\/6193","targetHints":{"allow":["GET"]}}],"collection":[{"href":"https:\/\/hdpnoticias.com.ar\/index.php?rest_route=\/wp\/v2\/posts"}],"about":[{"href":"https:\/\/hdpnoticias.com.ar\/index.php?rest_route=\/wp\/v2\/types\/post"}],"author":[{"embeddable":true,"href":"https:\/\/hdpnoticias.com.ar\/index.php?rest_route=\/wp\/v2\/users\/1"}],"replies":[{"embeddable":true,"href":"https:\/\/hdpnoticias.com.ar\/index.php?rest_route=%2Fwp%2Fv2%2Fcomments&post=6193"}],"version-history":[{"count":3,"href":"https:\/\/hdpnoticias.com.ar\/index.php?rest_route=\/wp\/v2\/posts\/6193\/revisions"}],"predecessor-version":[{"id":6199,"href":"https:\/\/hdpnoticias.com.ar\/index.php?rest_route=\/wp\/v2\/posts\/6193\/revisions\/6199"}],"wp:featuredmedia":[{"embeddable":true,"href":"https:\/\/hdpnoticias.com.ar\/index.php?rest_route=\/wp\/v2\/media\/6194"}],"wp:attachment":[{"href":"https:\/\/hdpnoticias.com.ar\/index.php?rest_route=%2Fwp%2Fv2%2Fmedia&parent=6193"}],"wp:term":[{"taxonomy":"category","embeddable":true,"href":"https:\/\/hdpnoticias.com.ar\/index.php?rest_route=%2Fwp%2Fv2%2Fcategories&post=6193"},{"taxonomy":"post_tag","embeddable":true,"href":"https:\/\/hdpnoticias.com.ar\/index.php?rest_route=%2Fwp%2Fv2%2Ftags&post=6193"}],"curies":[{"name":"wp","href":"https:\/\/api.w.org\/{rel}","templated":true}]}}