{"id":6187,"date":"2024-03-08T16:08:00","date_gmt":"2024-03-08T19:08:00","guid":{"rendered":"https:\/\/hdpnoticias.com.ar\/?p=6187"},"modified":"2024-03-08T16:08:02","modified_gmt":"2024-03-08T19:08:02","slug":"que-vas-a-hacer-zdero-la-pregunta-de-la-marcha-en-el-dia-de-la-mujer","status":"publish","type":"post","link":"https:\/\/hdpnoticias.com.ar\/?p=6187","title":{"rendered":"\u00bfQu\u00e9 vas a hacer Zdero?: la pregunta de la marcha en el D\u00eda de la Mujer"},"content":{"rendered":"\n<p>Ese viernes en conmemoraci\u00f3n del D\u00eda Internacional de la Mujer, mujeres de todos los sectores confluyeron en una multitudinaria marcha que parti\u00f3 del hospital Perrando y lleg\u00f3 hasta la Casa de Gobierno para reclamar respeto por sus derechos y denunciar la cr\u00edtica situaci\u00f3n que atraviesan en la gran mayor\u00eda de los sectores, agravada en el \u00faltimo tiempo como consecuencias de las medidas econ\u00f3micas adoptadas por el Gobierno nacional.<\/p>\n\n\n\n<p>En este marco hicieron especial hincapi\u00e9 en el incremento del nivel de violencia hacia las mujeres y casos de femicidio que asociaron tambi\u00e9n a la situaci\u00f3n actual.<\/p>\n\n\n\n<p>En lo que va del a\u00f1o, en Chaco a ocurrieron 4 femicidios y otros tantos intentos que est\u00e1n en v\u00edas de investigaci\u00f3n. Por eso, en un extenso documento que difundieron como conclusi\u00f3n de la manifestaci\u00f3n, se dirigieron al gobernador Leandro Zdero.<\/p>\n\n\n\n<p>\u201cDe frente y movilizadas, le preguntamos al gobernador Zdero: \u00bfQu\u00e9 vas a hacer?&nbsp; \u00bfEst\u00e1s dispuesto a renunciar a la coparticipaci\u00f3n federal que representa el 86% del presupuesto provincial y a someter al pueblo chaque\u00f1o y trabajador a un destino de empobrecimiento y desguace del Estado como garante de derechos?\u201d, reza el comunicado.<\/p>\n\n\n\n<p>Y advierte: \u201cSi el camino a tomar ser\u00e1 el de &#8220;pactar&#8221; la entrega de nuestro suelo, la soberan\u00eda sobre las Islas Malvinas, nuestros r\u00edos y nuestras conquistas le decimos: \u00a1NO cuenten con nosotras! \u00a1Porque somos soberan\u00eda, y vamos a defender el agua, nuestra tierra, nuestros bosques y semillas! \u00bfQu\u00e9 decisi\u00f3n pol\u00edtica tomar\u00e1 ante el cierre del INADI y la prohibici\u00f3n de la perspectiva de g\u00e9nero?\u201d.<\/p>\n\n\n\n<p>\u201cEn tanto la autoridad del Ejecutivo Nacional da carta blanca a la violencia racista, mis\u00f3gina y discriminatoria de todo tipo , alcanzando con su doctrina de la crueldad a las personas con discapacidad \u00bfqu\u00e9 plan de gobierno se propone en una provincia signada por la discriminaci\u00f3n racista, por el abuso sobre las infancias de sectores rurales y originarios?\u201d<\/p>\n\n\n\n<p>\u201cEn Chaco, los femicidios no paran: desde el inicio del a\u00f1o llevamos registrados 4 femicidios, 3 intentos de femicidios y dos casos en proceso de investigaci\u00f3n. Hay m\u00e1s mujeres muertas en manos de sus femicidas que meses transcurridos\u201d, puntualiza.<\/p>\n\n\n\n<p>\u201cMientras siguen con las pol\u00edticas de ajuste y programas de acompa\u00f1amiento a v\u00edctimas de violencia&nbsp; de g\u00e9nero sin funcionar, los casos de violencia machista no hacen m\u00e1s que aumentar en una provincia que siempre lidera la lista de femicidios a nivel nacional\u201d.<\/p>\n\n\n\n<p>\u201cLas mujeres v\u00edctimas de violencia de g\u00e9nero no son la casta, pero siguen pagando con su vida las consecuencias de este gobierno mis\u00f3gino y negador de la realidad que vivimos las mujeres y disidencias\u201d.<\/p>\n\n\n\n<p>Y ampl\u00edan su planteo: \u201cA las y los intendentes, de todos los colores pol\u00edticos los y las convocamos a luchar junto a su pueblo, que peleen por las necesidades de sus localidades y no se dejen someter a mentiras de que es necesario aguantar para estar mejor, en los pueblos del Chaco profundo ya se ven golpeados por la situaci\u00f3n pero tambi\u00e9n es donde est\u00e1n las reservas de la verdadera rebeld\u00eda y que no est\u00e1n dispuestos a que se los lleven puestos\u201d.<\/p>\n","protected":false},"excerpt":{"rendered":"<p>Ese viernes en conmemoraci\u00f3n del D\u00eda Internacional de la Mujer, mujeres de todos los sectores confluyeron en una multitudinaria marcha que parti\u00f3 del hospital Perrando y lleg\u00f3 hasta la Casa de Gobierno para reclamar respeto por sus derechos y denunciar la cr\u00edtica situaci\u00f3n que atraviesan en la gran mayor\u00eda de los sectores, agravada en el [&hellip;]<\/p>\n","protected":false},"author":1,"featured_media":6188,"comment_status":"open","ping_status":"open","sticky":false,"template":"","format":"standard","meta":{"footnotes":""},"categories":[6],"tags":[37,1292,3381,3379,1319,49,921],"class_list":["post-6187","post","type-post","status-publish","format-standard","has-post-thumbnail","hentry","category-info-general","tag-chaco","tag-crisis","tag-dia-de-la-mujer","tag-femicidios","tag-milei","tag-resistencia","tag-zdero"],"_links":{"self":[{"href":"https:\/\/hdpnoticias.com.ar\/index.php?rest_route=\/wp\/v2\/posts\/6187","targetHints":{"allow":["GET"]}}],"collection":[{"href":"https:\/\/hdpnoticias.com.ar\/index.php?rest_route=\/wp\/v2\/posts"}],"about":[{"href":"https:\/\/hdpnoticias.com.ar\/index.php?rest_route=\/wp\/v2\/types\/post"}],"author":[{"embeddable":true,"href":"https:\/\/hdpnoticias.com.ar\/index.php?rest_route=\/wp\/v2\/users\/1"}],"replies":[{"embeddable":true,"href":"https:\/\/hdpnoticias.com.ar\/index.php?rest_route=%2Fwp%2Fv2%2Fcomments&post=6187"}],"version-history":[{"count":1,"href":"https:\/\/hdpnoticias.com.ar\/index.php?rest_route=\/wp\/v2\/posts\/6187\/revisions"}],"predecessor-version":[{"id":6189,"href":"https:\/\/hdpnoticias.com.ar\/index.php?rest_route=\/wp\/v2\/posts\/6187\/revisions\/6189"}],"wp:featuredmedia":[{"embeddable":true,"href":"https:\/\/hdpnoticias.com.ar\/index.php?rest_route=\/wp\/v2\/media\/6188"}],"wp:attachment":[{"href":"https:\/\/hdpnoticias.com.ar\/index.php?rest_route=%2Fwp%2Fv2%2Fmedia&parent=6187"}],"wp:term":[{"taxonomy":"category","embeddable":true,"href":"https:\/\/hdpnoticias.com.ar\/index.php?rest_route=%2Fwp%2Fv2%2Fcategories&post=6187"},{"taxonomy":"post_tag","embeddable":true,"href":"https:\/\/hdpnoticias.com.ar\/index.php?rest_route=%2Fwp%2Fv2%2Ftags&post=6187"}],"curies":[{"name":"wp","href":"https:\/\/api.w.org\/{rel}","templated":true}]}}