{"id":6166,"date":"2024-03-05T22:39:00","date_gmt":"2024-03-06T01:39:00","guid":{"rendered":"https:\/\/hdpnoticias.com.ar\/?p=6166"},"modified":"2024-03-06T08:44:29","modified_gmt":"2024-03-06T11:44:29","slug":"champan-cristal-milei-difamo-a-alberto-y-tuvo-que-disculparse","status":"publish","type":"post","link":"https:\/\/hdpnoticias.com.ar\/?p=6166","title":{"rendered":"Champ\u00e1n Cristal: Milei difam\u00f3 a Alberto y tuvo que disculparse"},"content":{"rendered":"\n<p>El Presidente de la Naci\u00f3n: Javier Milei expuso ante productores en la Expoagro, junto al diputado Jos\u00e9 Luis Espert. Ah\u00ed, al referirse a c\u00f3mo se puede gastar el dinero propio o ajeno, apel\u00f3 a una an\u00e9cdota que involucr\u00f3 al expresidente Alberto Fern\u00e1ndez.<\/p>\n\n\n\n<p>\u201cEn la gesti\u00f3n anterior, donde vivo ahora, se almorzaba y se cenaba con champ\u00e1n Cristal\u201d, dijo, en referencia a lo que ocurr\u00eda en la residencia presidencial de Olivos.<\/p>\n\n\n\n<p>Esto fue divulgado por los medios de comunicaci\u00f3n que segu\u00edan el evento. Pero un rato despu\u00e9s Fern\u00e1ndez desminti\u00f3 la versi\u00f3n a trav\u00e9s de las redes sociales, y dijo que \u201cquien lo haya dicho deber\u00eda disculparse&#8221;.<\/p>\n\n\n\n<p>Una hora despu\u00e9s Milei, tambi\u00e9n en las redes, admiti\u00f3 que la informaci\u00f3n era \u201cincorrecta\u201d, que se hab\u00eda equivocado, y termin\u00f3 pidi\u00e9ndole disculpas.<\/p>\n","protected":false},"excerpt":{"rendered":"<p>El Presidente de la Naci\u00f3n: Javier Milei expuso ante productores en la Expoagro, junto al diputado Jos\u00e9 Luis Espert. Ah\u00ed, al referirse a c\u00f3mo se puede gastar el dinero propio o ajeno, apel\u00f3 a una an\u00e9cdota que involucr\u00f3 al expresidente Alberto Fern\u00e1ndez. \u201cEn la gesti\u00f3n anterior, donde vivo ahora, se almorzaba y se cenaba con [&hellip;]<\/p>\n","protected":false},"author":1,"featured_media":6167,"comment_status":"open","ping_status":"open","sticky":false,"template":"","format":"standard","meta":{"footnotes":""},"categories":[1],"tags":[68,3368,3369,3367,3371,1319,3370],"class_list":["post-6166","post","type-post","status-publish","format-standard","has-post-thumbnail","hentry","category-pescado-podrido","tag-alberto","tag-champagne","tag-champan","tag-cristan","tag-expoagro","tag-milei","tag-olivos"],"_links":{"self":[{"href":"https:\/\/hdpnoticias.com.ar\/index.php?rest_route=\/wp\/v2\/posts\/6166","targetHints":{"allow":["GET"]}}],"collection":[{"href":"https:\/\/hdpnoticias.com.ar\/index.php?rest_route=\/wp\/v2\/posts"}],"about":[{"href":"https:\/\/hdpnoticias.com.ar\/index.php?rest_route=\/wp\/v2\/types\/post"}],"author":[{"embeddable":true,"href":"https:\/\/hdpnoticias.com.ar\/index.php?rest_route=\/wp\/v2\/users\/1"}],"replies":[{"embeddable":true,"href":"https:\/\/hdpnoticias.com.ar\/index.php?rest_route=%2Fwp%2Fv2%2Fcomments&post=6166"}],"version-history":[{"count":1,"href":"https:\/\/hdpnoticias.com.ar\/index.php?rest_route=\/wp\/v2\/posts\/6166\/revisions"}],"predecessor-version":[{"id":6168,"href":"https:\/\/hdpnoticias.com.ar\/index.php?rest_route=\/wp\/v2\/posts\/6166\/revisions\/6168"}],"wp:featuredmedia":[{"embeddable":true,"href":"https:\/\/hdpnoticias.com.ar\/index.php?rest_route=\/wp\/v2\/media\/6167"}],"wp:attachment":[{"href":"https:\/\/hdpnoticias.com.ar\/index.php?rest_route=%2Fwp%2Fv2%2Fmedia&parent=6166"}],"wp:term":[{"taxonomy":"category","embeddable":true,"href":"https:\/\/hdpnoticias.com.ar\/index.php?rest_route=%2Fwp%2Fv2%2Fcategories&post=6166"},{"taxonomy":"post_tag","embeddable":true,"href":"https:\/\/hdpnoticias.com.ar\/index.php?rest_route=%2Fwp%2Fv2%2Ftags&post=6166"}],"curies":[{"name":"wp","href":"https:\/\/api.w.org\/{rel}","templated":true}]}}