{"id":6129,"date":"2024-03-03T16:39:00","date_gmt":"2024-03-03T19:39:00","guid":{"rendered":"https:\/\/hdpnoticias.com.ar\/?p=6129"},"modified":"2024-03-03T21:44:16","modified_gmt":"2024-03-04T00:44:16","slug":"corrientes-de-bote-a-bote-dictan-la-emergencia-por-los-300-milimetros-de-lluvia","status":"publish","type":"post","link":"https:\/\/hdpnoticias.com.ar\/?p=6129","title":{"rendered":"Corrientes de bote a bote: dictan la emergencia por los 300 mil\u00edmetros de lluvia"},"content":{"rendered":"\n<p>Corrientes despert\u00f3 este domingo en medio de una verdadera cat\u00e1strofe por una descomunal tormenta de viento y lluvia que caus\u00f3 graves inundaciones en el \u00e1rea metropolitana y localidades pr\u00f3ximas del interior.<\/p>\n\n\n\n<p>En suma, cayeron m\u00e1s de 300 mil\u00edmetros, pero fueron especialmente los 200 mil\u00edmetros de precipitaci\u00f3n acumulada en menos de 2 horas antes del amanecer, las que generaron los mayores anegamientos.<\/p>\n\n\n\n<p>El nivel del agua en algunos puntos del microcentro super\u00f3 ampliamente 1,5 metros, sumergiendo todo tipo de veh\u00edculos, muchos de ellos sorprendidos en pleno tr\u00e1nsito. Y el paisaje era a\u00fan m\u00e1s desolador en los barrios m\u00e1s alejados del centro.<\/p>\n\n\n\n<p>En medio del desastre, grupos de personas saquearon comercios, entre ellos una farmacia. La Polic\u00eda detuvo a varios de los autores de estos hechos.<\/p>\n\n\n\n<p>En este marco, el gobernador Gustavo Vald\u00e9s decret\u00f3 el estado de emergencia y despleg\u00f3 un plan de asistencia para las familias inundadas. Paralelamente, suspendi\u00f3 las actividades escolares previstas para este lunes.<\/p>\n\n\n\n<p>Funcionarios provinciales dijeron estar trabajando en un relevamiento de los da\u00f1os causados por el temporal, para disponer de manera m\u00e1s precisa la asistencia social y sanitaria.<\/p>\n","protected":false},"excerpt":{"rendered":"<p>Corrientes despert\u00f3 este domingo en medio de una verdadera cat\u00e1strofe por una descomunal tormenta de viento y lluvia que caus\u00f3 graves inundaciones en el \u00e1rea metropolitana y localidades pr\u00f3ximas del interior. En suma, cayeron m\u00e1s de 300 mil\u00edmetros, pero fueron especialmente los 200 mil\u00edmetros de precipitaci\u00f3n acumulada en menos de 2 horas antes del amanecer, [&hellip;]<\/p>\n","protected":false},"author":1,"featured_media":6130,"comment_status":"open","ping_status":"open","sticky":false,"template":"","format":"standard","meta":{"footnotes":""},"categories":[6],"tags":[169,1426,1428,3026,2468,165],"class_list":["post-6129","post","type-post","status-publish","format-standard","has-post-thumbnail","hentry","category-info-general","tag-corrientes","tag-inundacion","tag-lluvia","tag-temporal","tag-tormenta","tag-valdes"],"_links":{"self":[{"href":"https:\/\/hdpnoticias.com.ar\/index.php?rest_route=\/wp\/v2\/posts\/6129","targetHints":{"allow":["GET"]}}],"collection":[{"href":"https:\/\/hdpnoticias.com.ar\/index.php?rest_route=\/wp\/v2\/posts"}],"about":[{"href":"https:\/\/hdpnoticias.com.ar\/index.php?rest_route=\/wp\/v2\/types\/post"}],"author":[{"embeddable":true,"href":"https:\/\/hdpnoticias.com.ar\/index.php?rest_route=\/wp\/v2\/users\/1"}],"replies":[{"embeddable":true,"href":"https:\/\/hdpnoticias.com.ar\/index.php?rest_route=%2Fwp%2Fv2%2Fcomments&post=6129"}],"version-history":[{"count":1,"href":"https:\/\/hdpnoticias.com.ar\/index.php?rest_route=\/wp\/v2\/posts\/6129\/revisions"}],"predecessor-version":[{"id":6131,"href":"https:\/\/hdpnoticias.com.ar\/index.php?rest_route=\/wp\/v2\/posts\/6129\/revisions\/6131"}],"wp:featuredmedia":[{"embeddable":true,"href":"https:\/\/hdpnoticias.com.ar\/index.php?rest_route=\/wp\/v2\/media\/6130"}],"wp:attachment":[{"href":"https:\/\/hdpnoticias.com.ar\/index.php?rest_route=%2Fwp%2Fv2%2Fmedia&parent=6129"}],"wp:term":[{"taxonomy":"category","embeddable":true,"href":"https:\/\/hdpnoticias.com.ar\/index.php?rest_route=%2Fwp%2Fv2%2Fcategories&post=6129"},{"taxonomy":"post_tag","embeddable":true,"href":"https:\/\/hdpnoticias.com.ar\/index.php?rest_route=%2Fwp%2Fv2%2Ftags&post=6129"}],"curies":[{"name":"wp","href":"https:\/\/api.w.org\/{rel}","templated":true}]}}