{"id":6107,"date":"2024-03-01T22:41:09","date_gmt":"2024-03-02T01:41:09","guid":{"rendered":"https:\/\/hdpnoticias.com.ar\/?p=6107"},"modified":"2024-03-01T22:41:11","modified_gmt":"2024-03-02T01:41:11","slug":"apriete-de-milei-a-los-gobernadores-si-no-hay-ley-bases-no-habra-alivio-fiscal","status":"publish","type":"post","link":"https:\/\/hdpnoticias.com.ar\/?p=6107","title":{"rendered":"Apriete de Milei a los gobernadores: Si no hay Ley Bases no habr\u00e1 alivio fiscal"},"content":{"rendered":"\n<p>El Presidente de la Naci\u00f3n: Javier Milei, ofreci\u00f3 la noche de este viernes su discurso de apertura del per\u00edodo de sesiones ordinarias del Congreso Nacional.<\/p>\n\n\n\n<p>Al cabo de una hora de repasar sus cr\u00edticas a los gobiernos anteriores y anticipando \u201cpara terminar\u201d, lanz\u00f3 una convocatoria a los gobernadores de todas las provincias y a los presidentes de todos los partidos pol\u00edticos \u201cvengan de donde vengan\u201d, a firmar un \u201cPacto de Mayo\u201d el pr\u00f3ximo 25 de mayo en C\u00f3rdoba.<\/p>\n\n\n\n<p>El compromiso incluye 10 puntos \u201cb\u00e1sicos\u201d del \u201cnuevo orden econ\u00f3mico argentino.<\/p>\n\n\n\n<ol class=\"wp-block-list\">\n<li>Inviolabilidad de la propiedad privada.<\/li>\n\n\n\n<li>Equilibrio fiscal innegociable.<\/li>\n\n\n\n<li>Reducci\u00f3n del gasto p\u00fablico al 25% del Producto Interno Bruto.<\/li>\n\n\n\n<li>Reforma tributaria que reduzca la presi\u00f3n impositiva.<\/li>\n\n\n\n<li>Rediscutir la coparticipaci\u00f3n federal de impuestos.<\/li>\n\n\n\n<li>Compromiso de las Provincias de avanzar en la explotaci\u00f3n de los recursos naturales.<\/li>\n\n\n\n<li>Reforma laboral que promueva el trabajo formal.<\/li>\n\n\n\n<li>Reforma previsional que le de sustentabilidad al sistema y respeto a quienes aportaron y a quienes opten por un sistema privado.<\/li>\n\n\n\n<li>Reforma pol\u00edtica estructural.<\/li>\n\n\n\n<li>Apertura del comercio internacional.<\/li>\n<\/ol>\n\n\n\n<p>Pero, como \u201cmuestra de compromiso\u201d, dijo haber instruido al jefe de Gabinete: Nicol\u00e1s Posse, y a los ministro de Econom\u00eda: Luis Caputo y de Interior: Guillermo Francos, a convocar a todos los gobernadores para firmar un \u201cpre acuerdo\u201d que incluya la aprobaci\u00f3n de la \u201cLey Bases\u2026\u201d a cambio del \u201calivio fiscal\u201d que reclaman las Provincias. Reci\u00e9n entonces, seg\u00fan dijo, podr\u00e1 avanzarse hacia el \u201cPacto de Mayo.<\/p>\n\n\n\n<p>As\u00ed pretende el Presidente volver a tratar la denominada \u201cLey \u00d3mnibus\u201d que se vio obligado a retirar ante un rechazo seguro en el Congreso.<\/p>\n\n\n\n<p>Para \u00e9l, quienes no coincidan con el esp\u00edritu de su convocatoria, est\u00e1n en contra de la libertad y el progreso de los argentinos.<\/p>\n\n\n\n<p>El gobernador chaque\u00f1o Leandro Zdero no asisti\u00f3 al acto, en cambio particip\u00f3 del acto por el aniversario de Presidencia Roque S\u00e1enz Pe\u00f1a. Su lugar en el Congreso fue ocupado por la vicegobernadora Silvana Schneider.<\/p>\n","protected":false},"excerpt":{"rendered":"<p>El Presidente de la Naci\u00f3n: Javier Milei, ofreci\u00f3 la noche de este viernes su discurso de apertura del per\u00edodo de sesiones ordinarias del Congreso Nacional. Al cabo de una hora de repasar sus cr\u00edticas a los gobiernos anteriores y anticipando \u201cpara terminar\u201d, lanz\u00f3 una convocatoria a los gobernadores de todas las provincias y a los [&hellip;]<\/p>\n","protected":false},"author":1,"featured_media":6108,"comment_status":"open","ping_status":"open","sticky":false,"template":"","format":"standard","meta":{"footnotes":""},"categories":[27],"tags":[3343,251,166,71,1763,3342,1319,454],"class_list":["post-6107","post","type-post","status-publish","format-standard","has-post-thumbnail","hentry","category-politica","tag-alivio-fiscal","tag-congreso","tag-coparticipacion","tag-diputados","tag-gobernadores","tag-ley-bases","tag-milei","tag-presidente"],"_links":{"self":[{"href":"https:\/\/hdpnoticias.com.ar\/index.php?rest_route=\/wp\/v2\/posts\/6107","targetHints":{"allow":["GET"]}}],"collection":[{"href":"https:\/\/hdpnoticias.com.ar\/index.php?rest_route=\/wp\/v2\/posts"}],"about":[{"href":"https:\/\/hdpnoticias.com.ar\/index.php?rest_route=\/wp\/v2\/types\/post"}],"author":[{"embeddable":true,"href":"https:\/\/hdpnoticias.com.ar\/index.php?rest_route=\/wp\/v2\/users\/1"}],"replies":[{"embeddable":true,"href":"https:\/\/hdpnoticias.com.ar\/index.php?rest_route=%2Fwp%2Fv2%2Fcomments&post=6107"}],"version-history":[{"count":1,"href":"https:\/\/hdpnoticias.com.ar\/index.php?rest_route=\/wp\/v2\/posts\/6107\/revisions"}],"predecessor-version":[{"id":6109,"href":"https:\/\/hdpnoticias.com.ar\/index.php?rest_route=\/wp\/v2\/posts\/6107\/revisions\/6109"}],"wp:featuredmedia":[{"embeddable":true,"href":"https:\/\/hdpnoticias.com.ar\/index.php?rest_route=\/wp\/v2\/media\/6108"}],"wp:attachment":[{"href":"https:\/\/hdpnoticias.com.ar\/index.php?rest_route=%2Fwp%2Fv2%2Fmedia&parent=6107"}],"wp:term":[{"taxonomy":"category","embeddable":true,"href":"https:\/\/hdpnoticias.com.ar\/index.php?rest_route=%2Fwp%2Fv2%2Fcategories&post=6107"},{"taxonomy":"post_tag","embeddable":true,"href":"https:\/\/hdpnoticias.com.ar\/index.php?rest_route=%2Fwp%2Fv2%2Ftags&post=6107"}],"curies":[{"name":"wp","href":"https:\/\/api.w.org\/{rel}","templated":true}]}}