{"id":6100,"date":"2024-03-01T10:41:27","date_gmt":"2024-03-01T13:41:27","guid":{"rendered":"https:\/\/hdpnoticias.com.ar\/?p=6100"},"modified":"2024-03-01T10:44:12","modified_gmt":"2024-03-01T13:44:12","slug":"zdero-anuncio-el-boleto-docente-gratuito","status":"publish","type":"post","link":"https:\/\/hdpnoticias.com.ar\/?p=6100","title":{"rendered":"Zdero anunci\u00f3 el Boleto Docente Gratuito"},"content":{"rendered":"\n<p>El gobernador Leandro Zdero dio inicio al 56\u00b0 per\u00edodo de sesiones ordinarias de la C\u00e1mara de Diputados del Chaco.<\/p>\n\n\n\n<p>En el discurso de rigor informando la situaci\u00f3n en que encontr\u00f3 la administraci\u00f3n p\u00fablica tras la salida del Gobierno de Jorge Capitanich, la que describi\u00f3 como \u201cmuy cr\u00edtica\u201d, haciendo especial hincapi\u00e9 en la \u201canarqu\u00eda\u201d, el \u201cdesmanejo\u201d y la \u201ccorrupci\u00f3n\u201d.<\/p>\n\n\n\n<p>En ese marco, al adelantar las medidas que adoptar\u00e1 en lo inmediato, anunci\u00f3 la decisi\u00f3n de implementar el Boleto Docente Gratuido, una iniciativa que legisladores radicales impulsan infructuosamente desde hace varios a\u00f1os y que Capitanich implementara parcialmente por decreto el \u00faltimo a\u00f1o electoral.<\/p>\n\n\n\n<p>Aunque no adelant\u00f3 c\u00f3mo se implementar\u00e1, se sabe que el Boleto beneficiar\u00e1 a docentes que deben viajar diariamente de una ciudad a otra para trabajar, pero podr\u00eda ser ampliado al servicio urbano.<\/p>\n\n\n\n<p>Esto reducir\u00e1 los costos de traslados de los trabajadores de la educaci\u00f3n y, fundamentalmente, el riesgo de sufrir accidentes en las rutas donde hac\u00edan \u201cdedo\u201d o viajaban en veh\u00edculos poco apropiados para alta velocidad o largas distancias.<\/p>\n\n\n\n<p>El anuncio llega en el momento en que se incrementa exponencialmente el costo de las tarifas del transporte p\u00fablico en todo el pa\u00eds y ya se cumplieron las 2 audiencias p\u00fablicas para hace lo propio en Chaco.<\/p>\n","protected":false},"excerpt":{"rendered":"<p>El gobernador Leandro Zdero dio inicio al 56\u00b0 per\u00edodo de sesiones ordinarias de la C\u00e1mara de Diputados del Chaco. En el discurso de rigor informando la situaci\u00f3n en que encontr\u00f3 la administraci\u00f3n p\u00fablica tras la salida del Gobierno de Jorge Capitanich, la que describi\u00f3 como \u201cmuy cr\u00edtica\u201d, haciendo especial hincapi\u00e9 en la \u201canarqu\u00eda\u201d, el \u201cdesmanejo\u201d [&hellip;]<\/p>\n","protected":false},"author":1,"featured_media":6101,"comment_status":"open","ping_status":"open","sticky":false,"template":"","format":"standard","meta":{"footnotes":""},"categories":[27],"tags":[139,37,71,238,244,3339,45,378,921],"class_list":["post-6100","post","type-post","status-publish","format-standard","has-post-thumbnail","hentry","category-politica","tag-boleto","tag-chaco","tag-diputados","tag-docente","tag-gobernador","tag-leandro","tag-legislatura","tag-tarifas","tag-zdero"],"_links":{"self":[{"href":"https:\/\/hdpnoticias.com.ar\/index.php?rest_route=\/wp\/v2\/posts\/6100","targetHints":{"allow":["GET"]}}],"collection":[{"href":"https:\/\/hdpnoticias.com.ar\/index.php?rest_route=\/wp\/v2\/posts"}],"about":[{"href":"https:\/\/hdpnoticias.com.ar\/index.php?rest_route=\/wp\/v2\/types\/post"}],"author":[{"embeddable":true,"href":"https:\/\/hdpnoticias.com.ar\/index.php?rest_route=\/wp\/v2\/users\/1"}],"replies":[{"embeddable":true,"href":"https:\/\/hdpnoticias.com.ar\/index.php?rest_route=%2Fwp%2Fv2%2Fcomments&post=6100"}],"version-history":[{"count":2,"href":"https:\/\/hdpnoticias.com.ar\/index.php?rest_route=\/wp\/v2\/posts\/6100\/revisions"}],"predecessor-version":[{"id":6103,"href":"https:\/\/hdpnoticias.com.ar\/index.php?rest_route=\/wp\/v2\/posts\/6100\/revisions\/6103"}],"wp:featuredmedia":[{"embeddable":true,"href":"https:\/\/hdpnoticias.com.ar\/index.php?rest_route=\/wp\/v2\/media\/6101"}],"wp:attachment":[{"href":"https:\/\/hdpnoticias.com.ar\/index.php?rest_route=%2Fwp%2Fv2%2Fmedia&parent=6100"}],"wp:term":[{"taxonomy":"category","embeddable":true,"href":"https:\/\/hdpnoticias.com.ar\/index.php?rest_route=%2Fwp%2Fv2%2Fcategories&post=6100"},{"taxonomy":"post_tag","embeddable":true,"href":"https:\/\/hdpnoticias.com.ar\/index.php?rest_route=%2Fwp%2Fv2%2Ftags&post=6100"}],"curies":[{"name":"wp","href":"https:\/\/api.w.org\/{rel}","templated":true}]}}