{"id":6088,"date":"2024-02-29T11:09:28","date_gmt":"2024-02-29T14:09:28","guid":{"rendered":"https:\/\/hdpnoticias.com.ar\/?p=6088"},"modified":"2024-02-29T11:09:31","modified_gmt":"2024-02-29T14:09:31","slug":"mu-chaaaaaa-choooooss","status":"publish","type":"post","link":"https:\/\/hdpnoticias.com.ar\/?p=6088","title":{"rendered":"Mu-chaaaaaa-choooooss"},"content":{"rendered":"\n<p>Por Dar\u00edo Zarco |<\/p>\n\n\n\n<p>Los chaque\u00f1os ya estamos curtidos, acostumbrados al modelo personalista y partidario de comunicaci\u00f3n oficial: meras campa\u00f1as de marketing que convierten al Gobierno en un adorno del gobernador de turno, su bijou.<\/p>\n\n\n\n<p>Esa desinstitucionalizaci\u00f3n lleg\u00f3 hasta cambiar la imagen de la Provincia, la marca. Emblemas consagrados como el escudo y la bandera pasaron a segundo plano, o directamente al archivo.<\/p>\n\n\n\n<p>Al cabo de 3 mandatos la propaganda centr\u00edpeta de Jorge Capitanich hab\u00eda engranado los ejes de la comunicaci\u00f3n institucional y el electorado empalagado de \u00e9l regurgit\u00f3 en las urnas.<\/p>\n\n\n\n<p>Leandro Zdero lleg\u00f3 a la gobernaci\u00f3n montado en la promesa de recuperar los s\u00edmbolos y valores de la instituci\u00f3n. Y a pocos d\u00edas de asumir adopt\u00f3 como \u201clogo\u201d el mismo escudo del Chaco.<\/p>\n\n\n\n<p>Pero tras cart\u00f3n desensill\u00f3 y volvi\u00f3 a poner el carro delante del caballo: remplaz\u00f3 el emblema oficial por otro digno de club deportivo, de cualquier club de cualquier deporte; de dudosa musa, con la naturaleza representada con colores artificiales, y la ambici\u00f3n desmedida de sintetizar con un mouse la esencia chaque\u00f1a.<\/p>\n\n\n\n<p>Innecesario.<\/p>\n\n\n\n<p>El gobierno de una provincia con 70% de pobreza no deber\u00eda distraerse y dilapidar energ\u00eda en cuestiones superfluas y adem\u00e1s ef\u00edmeras.<\/p>\n\n\n\n<p>El restyling incluy\u00f3 un detalle: como la Scaloneta bord\u00f3 La Tercera a la insignia de la AFA en Qatar 2022, el radicalismo gan\u00f3 en 2023 otra estrella y hab\u00eda que hacerla brillar.<\/p>\n\n\n\n<p>La nueva cucarda se agrega a la corona del mascar\u00f3n junto a las 2 cosechadas por \u00c1ngel Rozas con el primer gobierno radical en 1995 y su reelecci\u00f3n de 1999, y la que consigui\u00f3 Roy Nikisch en 2003.<\/p>\n\n\n\n<p>Vano. Y alevoso.<\/p>\n\n\n\n<figure class=\"wp-block-image size-full\"><img loading=\"lazy\" decoding=\"async\" width=\"801\" height=\"453\" src=\"https:\/\/hdpnoticias.com.ar\/wp-content\/uploads\/2024\/02\/Muchachos-3.jpg\" alt=\"\" class=\"wp-image-6090\" srcset=\"https:\/\/hdpnoticias.com.ar\/wp-content\/uploads\/2024\/02\/Muchachos-3.jpg 801w, https:\/\/hdpnoticias.com.ar\/wp-content\/uploads\/2024\/02\/Muchachos-3-300x170.jpg 300w, https:\/\/hdpnoticias.com.ar\/wp-content\/uploads\/2024\/02\/Muchachos-3-768x434.jpg 768w, https:\/\/hdpnoticias.com.ar\/wp-content\/uploads\/2024\/02\/Muchachos-3-696x394.jpg 696w, https:\/\/hdpnoticias.com.ar\/wp-content\/uploads\/2024\/02\/Muchachos-3-743x420.jpg 743w\" sizes=\"auto, (max-width: 801px) 100vw, 801px\" \/><\/figure>\n","protected":false},"excerpt":{"rendered":"<p>Por Dar\u00edo Zarco | Los chaque\u00f1os ya estamos curtidos, acostumbrados al modelo personalista y partidario de comunicaci\u00f3n oficial: meras campa\u00f1as de marketing que convierten al Gobierno en un adorno del gobernador de turno, su bijou. Esa desinstitucionalizaci\u00f3n lleg\u00f3 hasta cambiar la imagen de la Provincia, la marca. Emblemas consagrados como el escudo y la bandera [&hellip;]<\/p>\n","protected":false},"author":1,"featured_media":6089,"comment_status":"open","ping_status":"open","sticky":false,"template":"","format":"standard","meta":{"footnotes":""},"categories":[2],"tags":[1265,1017,29,637,37,3329,36,3330,1955,189,2845,1998,1061,921],"class_list":["post-6088","post","type-post","status-publish","format-standard","has-post-thumbnail","hentry","category-editorial","tag-afa","tag-bandera","tag-capitanich","tag-carro","tag-chaco","tag-escudo","tag-gobierno","tag-la-tercera","tag-nikisch","tag-qatar","tag-radicalismo","tag-rozas","tag-scaloneta","tag-zdero"],"_links":{"self":[{"href":"https:\/\/hdpnoticias.com.ar\/index.php?rest_route=\/wp\/v2\/posts\/6088","targetHints":{"allow":["GET"]}}],"collection":[{"href":"https:\/\/hdpnoticias.com.ar\/index.php?rest_route=\/wp\/v2\/posts"}],"about":[{"href":"https:\/\/hdpnoticias.com.ar\/index.php?rest_route=\/wp\/v2\/types\/post"}],"author":[{"embeddable":true,"href":"https:\/\/hdpnoticias.com.ar\/index.php?rest_route=\/wp\/v2\/users\/1"}],"replies":[{"embeddable":true,"href":"https:\/\/hdpnoticias.com.ar\/index.php?rest_route=%2Fwp%2Fv2%2Fcomments&post=6088"}],"version-history":[{"count":1,"href":"https:\/\/hdpnoticias.com.ar\/index.php?rest_route=\/wp\/v2\/posts\/6088\/revisions"}],"predecessor-version":[{"id":6091,"href":"https:\/\/hdpnoticias.com.ar\/index.php?rest_route=\/wp\/v2\/posts\/6088\/revisions\/6091"}],"wp:featuredmedia":[{"embeddable":true,"href":"https:\/\/hdpnoticias.com.ar\/index.php?rest_route=\/wp\/v2\/media\/6089"}],"wp:attachment":[{"href":"https:\/\/hdpnoticias.com.ar\/index.php?rest_route=%2Fwp%2Fv2%2Fmedia&parent=6088"}],"wp:term":[{"taxonomy":"category","embeddable":true,"href":"https:\/\/hdpnoticias.com.ar\/index.php?rest_route=%2Fwp%2Fv2%2Fcategories&post=6088"},{"taxonomy":"post_tag","embeddable":true,"href":"https:\/\/hdpnoticias.com.ar\/index.php?rest_route=%2Fwp%2Fv2%2Ftags&post=6088"}],"curies":[{"name":"wp","href":"https:\/\/api.w.org\/{rel}","templated":true}]}}