{"id":6055,"date":"2024-02-26T22:21:02","date_gmt":"2024-02-27T01:21:02","guid":{"rendered":"https:\/\/hdpnoticias.com.ar\/?p=6055"},"modified":"2024-02-26T22:21:05","modified_gmt":"2024-02-27T01:21:05","slug":"colectivos-el-boleto-podria-saltar-de-85-a-mas-de-mil-pesos","status":"publish","type":"post","link":"https:\/\/hdpnoticias.com.ar\/?p=6055","title":{"rendered":"Colectivos: el boleto podr\u00eda saltar de 85 a m\u00e1s de mil pesos"},"content":{"rendered":"\n<p>Este lunes se realiz\u00f3 la primera audiencia p\u00fablica para evaluar el nuevo cuadro tarifario del servicio de transporte urbano e interurbano de pasajeros.<\/p>\n\n\n\n<p>El evento, encabezado por Rodolfo D\u00edaz, titular de la Subsecretar\u00eda de Transporte, tuvo lugar en el Sal\u00f3n Obligado dela Casa de Gobierno, con la participaci\u00f3n de representantes de la C\u00e1mara de Empresas de Transporte Automotor del Chaco que nuclea a las compa\u00f1\u00edas que prestan el servicio.<\/p>\n\n\n\n<p>En virtud del contexto, se espera un salto in\u00e9dito en el precio del boleto de colectivos, que podr\u00eda pasar de los 85 pesos actuales, a entre 1.057 y 1.230 pesos, el rango resultado del estudio de costos realizados por la Provincia.<\/p>\n\n\n\n<p>Las voces oficiales intentan llevar calma a los usuarios aseverando que el Gobierno atenuar\u00e1 el impacto del boletazo en sus bolsillos con un plan de subsidios, pero no adelantaron montos, aunque D\u00edaz estim\u00f3 que la tarifa deber\u00eda ubicarse entre 590 y 690 pesos.<\/p>\n\n\n\n<p>La segunda audiencia p\u00fablica, impuesta por ley, ser\u00e1 el mi\u00e9rcoles en el Sal\u00f3n de Usos M\u00faltiples del Puerto Barranqueras.<\/p>\n\n\n\n<p>En las \u00faltimnas semanas el servicio se resinti\u00f3 por el recorte de subsidios implementado por el Gobierno nacional. Los empresarios suspendieron el servicio nocturno, despu\u00e9s recortaron frecuencias diarias, y finalmente decidieron interrumpirlo completamente. <\/p>\n\n\n\n<p>Este conflicto se resolvi\u00f3 en parte con la amenaza de la Provincia de aplicar sanciones, pero, fundamentalmente, con la promesa de un inmediato aumento de tarifas.<\/p>\n","protected":false},"excerpt":{"rendered":"<p>Este lunes se realiz\u00f3 la primera audiencia p\u00fablica para evaluar el nuevo cuadro tarifario del servicio de transporte urbano e interurbano de pasajeros. El evento, encabezado por Rodolfo D\u00edaz, titular de la Subsecretar\u00eda de Transporte, tuvo lugar en el Sal\u00f3n Obligado dela Casa de Gobierno, con la participaci\u00f3n de representantes de la C\u00e1mara de Empresas [&hellip;]<\/p>\n","protected":false},"author":1,"featured_media":6056,"comment_status":"open","ping_status":"open","sticky":false,"template":"","format":"standard","meta":{"footnotes":""},"categories":[6],"tags":[230,3312,37,36,2971,765,378,623],"class_list":["post-6055","post","type-post","status-publish","format-standard","has-post-thumbnail","hentry","category-info-general","tag-audiencia","tag-boletazo","tag-chaco","tag-gobierno","tag-provincia","tag-subsidios","tag-tarifas","tag-transporte"],"_links":{"self":[{"href":"https:\/\/hdpnoticias.com.ar\/index.php?rest_route=\/wp\/v2\/posts\/6055","targetHints":{"allow":["GET"]}}],"collection":[{"href":"https:\/\/hdpnoticias.com.ar\/index.php?rest_route=\/wp\/v2\/posts"}],"about":[{"href":"https:\/\/hdpnoticias.com.ar\/index.php?rest_route=\/wp\/v2\/types\/post"}],"author":[{"embeddable":true,"href":"https:\/\/hdpnoticias.com.ar\/index.php?rest_route=\/wp\/v2\/users\/1"}],"replies":[{"embeddable":true,"href":"https:\/\/hdpnoticias.com.ar\/index.php?rest_route=%2Fwp%2Fv2%2Fcomments&post=6055"}],"version-history":[{"count":1,"href":"https:\/\/hdpnoticias.com.ar\/index.php?rest_route=\/wp\/v2\/posts\/6055\/revisions"}],"predecessor-version":[{"id":6057,"href":"https:\/\/hdpnoticias.com.ar\/index.php?rest_route=\/wp\/v2\/posts\/6055\/revisions\/6057"}],"wp:featuredmedia":[{"embeddable":true,"href":"https:\/\/hdpnoticias.com.ar\/index.php?rest_route=\/wp\/v2\/media\/6056"}],"wp:attachment":[{"href":"https:\/\/hdpnoticias.com.ar\/index.php?rest_route=%2Fwp%2Fv2%2Fmedia&parent=6055"}],"wp:term":[{"taxonomy":"category","embeddable":true,"href":"https:\/\/hdpnoticias.com.ar\/index.php?rest_route=%2Fwp%2Fv2%2Fcategories&post=6055"},{"taxonomy":"post_tag","embeddable":true,"href":"https:\/\/hdpnoticias.com.ar\/index.php?rest_route=%2Fwp%2Fv2%2Ftags&post=6055"}],"curies":[{"name":"wp","href":"https:\/\/api.w.org\/{rel}","templated":true}]}}