{"id":5971,"date":"2024-02-17T16:08:09","date_gmt":"2024-02-17T19:08:09","guid":{"rendered":"https:\/\/hdpnoticias.com.ar\/?p=5971"},"modified":"2024-02-17T16:08:11","modified_gmt":"2024-02-17T19:08:11","slug":"no-hay-apuro-desarrollo-humano-todavia-no-arranca","status":"publish","type":"post","link":"https:\/\/hdpnoticias.com.ar\/?p=5971","title":{"rendered":"No hay apuro: Desarrollo Humano todav\u00eda no arranca"},"content":{"rendered":"\n<p>El Ministerio de Desarrollo Humano, ex Desarrollo Social, es una de las \u00e1reas con menor actividad en los m\u00e1s de 2 meses de gesti\u00f3n que lleva el gobernador Leandro Zdero.<\/p>\n\n\n\n<p>Al menos as\u00ed lo refleja el sitio oficial del Gobierno del Chaco, que s\u00f3lo se hizo eco de 3 actividades desde la asunci\u00f3n de las nuevas autoridades: en diciembre, declaraciones de la ministra Carina Botteri Disoff denunciando el mal estado de las dependencias del programa Mirame, de contenci\u00f3n de personas en situaci\u00f3n de calle durante el gobierno anterior; en enero, el anuncio de la habilitaci\u00f3n de 2 n\u00fameros telef\u00f3nicos extra para \u201creforzar\u201d las l\u00edneas 102 y 108 destinadas a auxiliar a ni\u00f1os y adultos mayores, y lo \u00faltimo, en febrero: insinuaciones de la ministra sobre irregularidades en el manejo de la asistencia social entregada a las organizaciones lideradas por el piquetero Tito L\u00f3pez.<\/p>\n\n\n\n<p>La l\u00f3gica indica que si hubo otras actividades oficiales de esa cartera y sus funcionarios en este tiempo, fueron a\u00fan&nbsp; menos relevantes, a tal punto de no merecer publicaci\u00f3n siquiera en el portal oficial.<\/p>\n\n\n\n<p>As\u00ed, alguien podr\u00eda decir que Desarrollo Humano, un aspecto clave de la gesti\u00f3n, todav\u00eda no arranca, o directamente va a contramano de la urgencia de una provincia que antes de las \u00faltimas devaluaciones y el 120% de inflaci\u00f3n acumulada en los \u00faltimos 6 meses ya ten\u00eda el <strong><a href=\"https:\/\/hdpnoticias.com.ar\/?p=4397\">60% de su poblaci\u00f3n bajo la l\u00ednea de pobreza<\/a><\/strong>.<\/p>\n","protected":false},"excerpt":{"rendered":"<p>El Ministerio de Desarrollo Humano, ex Desarrollo Social, es una de las \u00e1reas con menor actividad en los m\u00e1s de 2 meses de gesti\u00f3n que lleva el gobernador Leandro Zdero. Al menos as\u00ed lo refleja el sitio oficial del Gobierno del Chaco, que s\u00f3lo se hizo eco de 3 actividades desde la asunci\u00f3n de las [&hellip;]<\/p>\n","protected":false},"author":1,"featured_media":5973,"comment_status":"open","ping_status":"open","sticky":false,"template":"","format":"standard","meta":{"footnotes":""},"categories":[1],"tags":[37,3279,2251,239,694],"class_list":["post-5971","post","type-post","status-publish","format-standard","has-post-thumbnail","hentry","category-pescado-podrido","tag-chaco","tag-desarrollo-humano","tag-devaluacion","tag-inflacion","tag-pobreza"],"_links":{"self":[{"href":"https:\/\/hdpnoticias.com.ar\/index.php?rest_route=\/wp\/v2\/posts\/5971","targetHints":{"allow":["GET"]}}],"collection":[{"href":"https:\/\/hdpnoticias.com.ar\/index.php?rest_route=\/wp\/v2\/posts"}],"about":[{"href":"https:\/\/hdpnoticias.com.ar\/index.php?rest_route=\/wp\/v2\/types\/post"}],"author":[{"embeddable":true,"href":"https:\/\/hdpnoticias.com.ar\/index.php?rest_route=\/wp\/v2\/users\/1"}],"replies":[{"embeddable":true,"href":"https:\/\/hdpnoticias.com.ar\/index.php?rest_route=%2Fwp%2Fv2%2Fcomments&post=5971"}],"version-history":[{"count":1,"href":"https:\/\/hdpnoticias.com.ar\/index.php?rest_route=\/wp\/v2\/posts\/5971\/revisions"}],"predecessor-version":[{"id":5974,"href":"https:\/\/hdpnoticias.com.ar\/index.php?rest_route=\/wp\/v2\/posts\/5971\/revisions\/5974"}],"wp:featuredmedia":[{"embeddable":true,"href":"https:\/\/hdpnoticias.com.ar\/index.php?rest_route=\/wp\/v2\/media\/5973"}],"wp:attachment":[{"href":"https:\/\/hdpnoticias.com.ar\/index.php?rest_route=%2Fwp%2Fv2%2Fmedia&parent=5971"}],"wp:term":[{"taxonomy":"category","embeddable":true,"href":"https:\/\/hdpnoticias.com.ar\/index.php?rest_route=%2Fwp%2Fv2%2Fcategories&post=5971"},{"taxonomy":"post_tag","embeddable":true,"href":"https:\/\/hdpnoticias.com.ar\/index.php?rest_route=%2Fwp%2Fv2%2Ftags&post=5971"}],"curies":[{"name":"wp","href":"https:\/\/api.w.org\/{rel}","templated":true}]}}