{"id":590,"date":"2023-01-28T16:05:07","date_gmt":"2023-01-28T19:05:07","guid":{"rendered":"http:\/\/hdpnoticias.com.ar\/?p=590"},"modified":"2023-01-28T16:05:09","modified_gmt":"2023-01-28T19:05:09","slug":"brutal-choque-entre-un-auto-y-un-camion-en-la-ruta-95-un-muerto","status":"publish","type":"post","link":"https:\/\/hdpnoticias.com.ar\/?p=590","title":{"rendered":"Brutal choque entre un auto y un cami\u00f3n en la ruta 95: un muerto"},"content":{"rendered":"\n<p>Jos\u00e9 Monz\u00f3n, de 42 a\u00f1os, muri\u00f3 la ma\u00f1ana de este s\u00e1bado en un terrible accidente de tr\u00e1nsito en la ruta nacional 95, a 2 kil\u00f3metros del cruce con la ruta provincial 6, en el acceso a San Bernardo.<\/p>\n\n\n\n<p>Conduc\u00eda un Chevrolet Corsa Classic que, alrededor de las 7, fue embestido frontalmente por un cami\u00f3n Fiat Iveco, sin carga, que viajaba desde C\u00f3rdoba con destino a Presidencia Roque S\u00e1enz Pe\u00f1a.<\/p>\n\n\n\n<p>Por la brutalidad del impacto, el automovilista muri\u00f3 en el acto.<\/p>\n\n\n\n<p>Al parecer, por causas que a\u00fan no fueron determinadas, el conductor del cami\u00f3n, de 52 a\u00f1os, perdi\u00f3 el control y cambi\u00f3n de carril.<\/p>\n","protected":false},"excerpt":{"rendered":"<p>Jos\u00e9 Monz\u00f3n, de 42 a\u00f1os, muri\u00f3 la ma\u00f1ana de este s\u00e1bado en un terrible accidente de tr\u00e1nsito en la ruta nacional 95, a 2 kil\u00f3metros del cruce con la ruta provincial 6, en el acceso a San Bernardo. Conduc\u00eda un Chevrolet Corsa Classic que, alrededor de las 7, fue embestido frontalmente por un cami\u00f3n Fiat [&hellip;]<\/p>\n","protected":false},"author":1,"featured_media":591,"comment_status":"open","ping_status":"open","sticky":false,"template":"","format":"standard","meta":{"footnotes":""},"categories":[26],"tags":[338,342,339,154,340,132,95,341,100],"class_list":["post-590","post","type-post","status-publish","format-standard","has-post-thumbnail","hentry","category-policiales","tag-chevrolet","tag-cordoba","tag-corsa","tag-fiat","tag-iveco","tag-ruta-95","tag-saenz-pena","tag-san-bernardo","tag-tragedia"],"_links":{"self":[{"href":"https:\/\/hdpnoticias.com.ar\/index.php?rest_route=\/wp\/v2\/posts\/590","targetHints":{"allow":["GET"]}}],"collection":[{"href":"https:\/\/hdpnoticias.com.ar\/index.php?rest_route=\/wp\/v2\/posts"}],"about":[{"href":"https:\/\/hdpnoticias.com.ar\/index.php?rest_route=\/wp\/v2\/types\/post"}],"author":[{"embeddable":true,"href":"https:\/\/hdpnoticias.com.ar\/index.php?rest_route=\/wp\/v2\/users\/1"}],"replies":[{"embeddable":true,"href":"https:\/\/hdpnoticias.com.ar\/index.php?rest_route=%2Fwp%2Fv2%2Fcomments&post=590"}],"version-history":[{"count":1,"href":"https:\/\/hdpnoticias.com.ar\/index.php?rest_route=\/wp\/v2\/posts\/590\/revisions"}],"predecessor-version":[{"id":592,"href":"https:\/\/hdpnoticias.com.ar\/index.php?rest_route=\/wp\/v2\/posts\/590\/revisions\/592"}],"wp:featuredmedia":[{"embeddable":true,"href":"https:\/\/hdpnoticias.com.ar\/index.php?rest_route=\/wp\/v2\/media\/591"}],"wp:attachment":[{"href":"https:\/\/hdpnoticias.com.ar\/index.php?rest_route=%2Fwp%2Fv2%2Fmedia&parent=590"}],"wp:term":[{"taxonomy":"category","embeddable":true,"href":"https:\/\/hdpnoticias.com.ar\/index.php?rest_route=%2Fwp%2Fv2%2Fcategories&post=590"},{"taxonomy":"post_tag","embeddable":true,"href":"https:\/\/hdpnoticias.com.ar\/index.php?rest_route=%2Fwp%2Fv2%2Ftags&post=590"}],"curies":[{"name":"wp","href":"https:\/\/api.w.org\/{rel}","templated":true}]}}