{"id":5880,"date":"2024-02-05T23:10:00","date_gmt":"2024-02-06T02:10:00","guid":{"rendered":"https:\/\/hdpnoticias.com.ar\/?p=5880"},"modified":"2024-02-06T06:12:01","modified_gmt":"2024-02-06T09:12:01","slug":"46-de-aumento-en-3-etapas-la-propuesta-para-trabajadores-de-salud-y-judiciales","status":"publish","type":"post","link":"https:\/\/hdpnoticias.com.ar\/?p=5880","title":{"rendered":"46% de aumento en 3 etapas: la propuesta para trabajadores de Salud y judiciales"},"content":{"rendered":"\n<p>El Gobierno provincial inici\u00f3 la ronda de negociaci\u00f3n salarial con 2 sectores de trabajadores estatales: Salud y Poder Judicial.<\/p>\n\n\n\n<p>Participaron el ministro de Hacienda y Finanzas: Alejandro Abraam, el secretario de Coordinaci\u00f3n de Gabinete: Livio Guti\u00e9rrez, el ministro de Salud: Sergio Rodr\u00edguez, y el ministro de Gobierno: Jorge G\u00f3mez, adem\u00e1s de subsecretarios.<\/p>\n\n\n\n<p>Los trabajadores de Salud fueron representados por dirigentes de UPCN, UPCP, ATE, APTASCH y Gremial M\u00e9dica; y los judiciales por la Uni\u00f3n de trabajadores judiciales, el Sindicato de Empleados Judiciales, la Asociaci\u00f3n Judicial del Chaco, y delegados del personal jer\u00e1rquico y jerarquizado del Poder Judicial, magistrados y Justicia de Paz y Faltas.<\/p>\n\n\n\n<p>El ministro Abraam subray\u00f3 que, conforme a objetivos planteados por el gobernador Leandro Zdero, el Gobierno busca equilibrar las cuentas y no asumir\u00e1 compromisos que no podr\u00e1 cumplir.<\/p>\n\n\n\n<p>As\u00ed, la propuesta de recomposici\u00f3n salarial fue de 46% en tres etapas: 18% en febrero, 15% en marzo y 13% en marzo. Aunque la versi\u00f3n oficial calcula 53,34% \u201cacumulativo\u201d.<\/p>\n","protected":false},"excerpt":{"rendered":"<p>El Gobierno provincial inici\u00f3 la ronda de negociaci\u00f3n salarial con 2 sectores de trabajadores estatales: Salud y Poder Judicial. Participaron el ministro de Hacienda y Finanzas: Alejandro Abraam, el secretario de Coordinaci\u00f3n de Gabinete: Livio Guti\u00e9rrez, el ministro de Salud: Sergio Rodr\u00edguez, y el ministro de Gobierno: Jorge G\u00f3mez, adem\u00e1s de subsecretarios. Los trabajadores de [&hellip;]<\/p>\n","protected":false},"author":1,"featured_media":5878,"comment_status":"open","ping_status":"open","sticky":false,"template":"","format":"standard","meta":{"footnotes":""},"categories":[6],"tags":[37,2369,36,239,3238,950,504,425,921],"class_list":["post-5880","post","type-post","status-publish","format-standard","has-post-thumbnail","hentry","category-info-general","tag-chaco","tag-estatales","tag-gobierno","tag-inflacion","tag-judiciales","tag-pauta","tag-salarios","tag-salud","tag-zdero"],"_links":{"self":[{"href":"https:\/\/hdpnoticias.com.ar\/index.php?rest_route=\/wp\/v2\/posts\/5880","targetHints":{"allow":["GET"]}}],"collection":[{"href":"https:\/\/hdpnoticias.com.ar\/index.php?rest_route=\/wp\/v2\/posts"}],"about":[{"href":"https:\/\/hdpnoticias.com.ar\/index.php?rest_route=\/wp\/v2\/types\/post"}],"author":[{"embeddable":true,"href":"https:\/\/hdpnoticias.com.ar\/index.php?rest_route=\/wp\/v2\/users\/1"}],"replies":[{"embeddable":true,"href":"https:\/\/hdpnoticias.com.ar\/index.php?rest_route=%2Fwp%2Fv2%2Fcomments&post=5880"}],"version-history":[{"count":1,"href":"https:\/\/hdpnoticias.com.ar\/index.php?rest_route=\/wp\/v2\/posts\/5880\/revisions"}],"predecessor-version":[{"id":5881,"href":"https:\/\/hdpnoticias.com.ar\/index.php?rest_route=\/wp\/v2\/posts\/5880\/revisions\/5881"}],"wp:featuredmedia":[{"embeddable":true,"href":"https:\/\/hdpnoticias.com.ar\/index.php?rest_route=\/wp\/v2\/media\/5878"}],"wp:attachment":[{"href":"https:\/\/hdpnoticias.com.ar\/index.php?rest_route=%2Fwp%2Fv2%2Fmedia&parent=5880"}],"wp:term":[{"taxonomy":"category","embeddable":true,"href":"https:\/\/hdpnoticias.com.ar\/index.php?rest_route=%2Fwp%2Fv2%2Fcategories&post=5880"},{"taxonomy":"post_tag","embeddable":true,"href":"https:\/\/hdpnoticias.com.ar\/index.php?rest_route=%2Fwp%2Fv2%2Ftags&post=5880"}],"curies":[{"name":"wp","href":"https:\/\/api.w.org\/{rel}","templated":true}]}}