{"id":5845,"date":"2024-02-03T17:52:14","date_gmt":"2024-02-03T20:52:14","guid":{"rendered":"https:\/\/hdpnoticias.com.ar\/?p=5845"},"modified":"2024-02-03T17:52:17","modified_gmt":"2024-02-03T20:52:17","slug":"murio-omar-judis-fue-ministro-y-rector-de-la-uncaus","status":"publish","type":"post","link":"https:\/\/hdpnoticias.com.ar\/?p=5845","title":{"rendered":"Muri\u00f3 Omar Judis: fue ministro y rector de la Uncaus"},"content":{"rendered":"\n<p>Omar Vicente Judis, que fuera rector de la Universidad Nacional del Chaco Austral y ministro de Infraestructura de la Provincia durante los 2 primeros gobiernos de Jorge Capitanich, muri\u00f3 este s\u00e1bado en Presidencia Roque S\u00e1enz Pe\u00f1a.<\/p>\n\n\n\n<p>Llevaba varios d\u00edas internado en el Sanatorio Loma Linda, donde hab\u00eda sido intervenido quir\u00fargicamente tras un accidente. Adem\u00e1s, hab\u00eda contra\u00eddo dengue, lo que agrav\u00f3 sustancialmente su cuadro.<\/p>\n\n\n\n<p>Judis acompa\u00f1o tambi\u00e9n a Capitanich en su paso por la Jefatura de Gabinete de la Naci\u00f3n desde fines de 2013 hasta principios de 2015, durante la segunda presidencia de Cristina Fern\u00e1ndez, donde se desempe\u00f1\u00f3 como Subsecretar\u00eda de Ambiente.<\/p>\n\n\n\n<p>Durante los \u00faltimos a\u00f1os fue investigado por presuntos hechos de corrupci\u00f3n, por su gesti\u00f3n como funcionario nacional, y por el manejo de fondos de la Uncaus. En esta \u00faltima hab\u00eda sido condenado en primera instancia a 7 a\u00f1os de c\u00e1rcel.<\/p>\n","protected":false},"excerpt":{"rendered":"<p>Omar Vicente Judis, que fuera rector de la Universidad Nacional del Chaco Austral y ministro de Infraestructura de la Provincia durante los 2 primeros gobiernos de Jorge Capitanich, muri\u00f3 este s\u00e1bado en Presidencia Roque S\u00e1enz Pe\u00f1a. Llevaba varios d\u00edas internado en el Sanatorio Loma Linda, donde hab\u00eda sido intervenido quir\u00fargicamente tras un accidente. Adem\u00e1s, hab\u00eda [&hellip;]<\/p>\n","protected":false},"author":1,"featured_media":5846,"comment_status":"open","ping_status":"open","sticky":false,"template":"","format":"standard","meta":{"footnotes":""},"categories":[27],"tags":[644,29,37,1305,291,453,405,3197,3227,95,967],"class_list":["post-5845","post","type-post","status-publish","format-standard","has-post-thumbnail","hentry","category-politica","tag-ambiente","tag-capitanich","tag-chaco","tag-condenado","tag-corrupcion","tag-cristina","tag-fernandez","tag-infraestructura","tag-judis","tag-saenz-pena","tag-uncaus"],"_links":{"self":[{"href":"https:\/\/hdpnoticias.com.ar\/index.php?rest_route=\/wp\/v2\/posts\/5845","targetHints":{"allow":["GET"]}}],"collection":[{"href":"https:\/\/hdpnoticias.com.ar\/index.php?rest_route=\/wp\/v2\/posts"}],"about":[{"href":"https:\/\/hdpnoticias.com.ar\/index.php?rest_route=\/wp\/v2\/types\/post"}],"author":[{"embeddable":true,"href":"https:\/\/hdpnoticias.com.ar\/index.php?rest_route=\/wp\/v2\/users\/1"}],"replies":[{"embeddable":true,"href":"https:\/\/hdpnoticias.com.ar\/index.php?rest_route=%2Fwp%2Fv2%2Fcomments&post=5845"}],"version-history":[{"count":1,"href":"https:\/\/hdpnoticias.com.ar\/index.php?rest_route=\/wp\/v2\/posts\/5845\/revisions"}],"predecessor-version":[{"id":5847,"href":"https:\/\/hdpnoticias.com.ar\/index.php?rest_route=\/wp\/v2\/posts\/5845\/revisions\/5847"}],"wp:featuredmedia":[{"embeddable":true,"href":"https:\/\/hdpnoticias.com.ar\/index.php?rest_route=\/wp\/v2\/media\/5846"}],"wp:attachment":[{"href":"https:\/\/hdpnoticias.com.ar\/index.php?rest_route=%2Fwp%2Fv2%2Fmedia&parent=5845"}],"wp:term":[{"taxonomy":"category","embeddable":true,"href":"https:\/\/hdpnoticias.com.ar\/index.php?rest_route=%2Fwp%2Fv2%2Fcategories&post=5845"},{"taxonomy":"post_tag","embeddable":true,"href":"https:\/\/hdpnoticias.com.ar\/index.php?rest_route=%2Fwp%2Fv2%2Ftags&post=5845"}],"curies":[{"name":"wp","href":"https:\/\/api.w.org\/{rel}","templated":true}]}}