{"id":5830,"date":"2024-02-02T16:37:48","date_gmt":"2024-02-02T19:37:48","guid":{"rendered":"https:\/\/hdpnoticias.com.ar\/?p=5830"},"modified":"2024-02-02T16:37:50","modified_gmt":"2024-02-02T19:37:50","slug":"dirigente-social-devolvio-una-ambulancia-y-una-camioneta-donadas-por-capitanich","status":"publish","type":"post","link":"https:\/\/hdpnoticias.com.ar\/?p=5830","title":{"rendered":"Dirigente social devolvi\u00f3 una ambulancia y una camioneta donadas por Capitanich"},"content":{"rendered":"\n<p>El \u00faltimo martes el dirigente social Diego Rol\u00f3n, titular de la Fundaci\u00f3n El Valor del Esfuerzo, se present\u00f3 ante la Direcci\u00f3n General de Seguridad Metropolitana, en la ruta nacional 11, para entregar voluntariamente un minibus Mercedes Benz Sprinter, modelo 2011, que le entregara el 20 de julio de 2022 la Direcci\u00f3n de Administraci\u00f3n de la Gobernaci\u00f3n.<\/p>\n\n\n\n<p>Este viernes se present\u00f3 para restituir una Ford Ranger que le fuera otorgada en las mismas condiciones, y que perteneciera al Ministerio de Desarrollo Social y Derechos Humanos.<\/p>\n\n\n\n<p>Adem\u00e1s, una ambulancia Renault Trafic del Ministerio de Salud P\u00fablica.<\/p>\n\n\n\n<p>Ambos veh\u00edculos en mal estado de conservaci\u00f3n, fuera de servicio y con faltantes, estaban arrumbados en Julio Acosta al 3300, en la zona sur de Resistencia.<\/p>\n","protected":false},"excerpt":{"rendered":"<p>El \u00faltimo martes el dirigente social Diego Rol\u00f3n, titular de la Fundaci\u00f3n El Valor del Esfuerzo, se present\u00f3 ante la Direcci\u00f3n General de Seguridad Metropolitana, en la ruta nacional 11, para entregar voluntariamente un minibus Mercedes Benz Sprinter, modelo 2011, que le entregara el 20 de julio de 2022 la Direcci\u00f3n de Administraci\u00f3n de la [&hellip;]<\/p>\n","protected":false},"author":1,"featured_media":5831,"comment_status":"open","ping_status":"open","sticky":false,"template":"","format":"standard","meta":{"footnotes":""},"categories":[26],"tags":[789,29,476,624,265,712,747,425,3225],"class_list":["post-5830","post","type-post","status-publish","format-standard","has-post-thumbnail","hentry","category-policiales","tag-ambulancia","tag-capitanich","tag-desarrollo-social","tag-ford","tag-piqueteros","tag-ranger","tag-renault","tag-salud","tag-trafic"],"_links":{"self":[{"href":"https:\/\/hdpnoticias.com.ar\/index.php?rest_route=\/wp\/v2\/posts\/5830","targetHints":{"allow":["GET"]}}],"collection":[{"href":"https:\/\/hdpnoticias.com.ar\/index.php?rest_route=\/wp\/v2\/posts"}],"about":[{"href":"https:\/\/hdpnoticias.com.ar\/index.php?rest_route=\/wp\/v2\/types\/post"}],"author":[{"embeddable":true,"href":"https:\/\/hdpnoticias.com.ar\/index.php?rest_route=\/wp\/v2\/users\/1"}],"replies":[{"embeddable":true,"href":"https:\/\/hdpnoticias.com.ar\/index.php?rest_route=%2Fwp%2Fv2%2Fcomments&post=5830"}],"version-history":[{"count":1,"href":"https:\/\/hdpnoticias.com.ar\/index.php?rest_route=\/wp\/v2\/posts\/5830\/revisions"}],"predecessor-version":[{"id":5832,"href":"https:\/\/hdpnoticias.com.ar\/index.php?rest_route=\/wp\/v2\/posts\/5830\/revisions\/5832"}],"wp:featuredmedia":[{"embeddable":true,"href":"https:\/\/hdpnoticias.com.ar\/index.php?rest_route=\/wp\/v2\/media\/5831"}],"wp:attachment":[{"href":"https:\/\/hdpnoticias.com.ar\/index.php?rest_route=%2Fwp%2Fv2%2Fmedia&parent=5830"}],"wp:term":[{"taxonomy":"category","embeddable":true,"href":"https:\/\/hdpnoticias.com.ar\/index.php?rest_route=%2Fwp%2Fv2%2Fcategories&post=5830"},{"taxonomy":"post_tag","embeddable":true,"href":"https:\/\/hdpnoticias.com.ar\/index.php?rest_route=%2Fwp%2Fv2%2Ftags&post=5830"}],"curies":[{"name":"wp","href":"https:\/\/api.w.org\/{rel}","templated":true}]}}