{"id":5804,"date":"2024-01-31T15:35:17","date_gmt":"2024-01-31T18:35:17","guid":{"rendered":"https:\/\/hdpnoticias.com.ar\/?p=5804"},"modified":"2024-01-31T15:35:20","modified_gmt":"2024-01-31T18:35:20","slug":"ladron-menor-milton-ahogo-un-perro-robo-cayo-se-fugo-volvio-a-robar-y-volvio-a-caer","status":"publish","type":"post","link":"https:\/\/hdpnoticias.com.ar\/?p=5804","title":{"rendered":"Ladr\u00f3n menor: Milton ahog\u00f3 un perro, rob\u00f3, cay\u00f3, se fug\u00f3, volvi\u00f3 a robar y volvi\u00f3 a caer"},"content":{"rendered":"\n<p>Hace 2 d\u00edas Milton, un adolescente de 17 a\u00f1os, salt\u00f3 el muro de una vivienda particular en Villa Gonzalito, en Resistencia, y tras ahogar a un perro en la piscina, escap\u00f3 robando una garrafa de gas.<\/p>\n\n\n\n<p>Todo fue captado por las c\u00e1maras de seguridad, lo que permiti\u00f3 identificarlo y detenerlo horas despu\u00e9s. La Justicia del Menor hab\u00eda decidido restituirlo a sus padres pero, en virtud de sus antecedentes delictivos, finalmente fue alojado en la Aldea Tres Horquetas, dependiente del Ministerio de Desarrollo Social.<\/p>\n\n\n\n<p>La ma\u00f1ana de este mi\u00e9rcoles escap\u00f3 de ese lugar cuyo per\u00edmetro est\u00e1 custodiado por el Servicio Penitenciario Provincial. Rob\u00f3 la moto de un empleado de un corral\u00f3n vecino, en Margarita Bel\u00e9n, y huy\u00f3.<\/p>\n\n\n\n<p>Antes del mediod\u00eda fue recapturado en Villa Gonzalito, en inmediaciones de su casa, por Gerardo Galarza, un camar\u00f3grafo de un medio de comunicaci\u00f3n, expolic\u00eda, que cubr\u00eda en el operativo policial.<\/p>\n\n\n\n<p>Ahora buscan la moto robada, una Guerrero Trip Tunning negra de 110cc.<\/p>\n","protected":false},"excerpt":{"rendered":"<p>Hace 2 d\u00edas Milton, un adolescente de 17 a\u00f1os, salt\u00f3 el muro de una vivienda particular en Villa Gonzalito, en Resistencia, y tras ahogar a un perro en la piscina, escap\u00f3 robando una garrafa de gas. Todo fue captado por las c\u00e1maras de seguridad, lo que permiti\u00f3 identificarlo y detenerlo horas despu\u00e9s. La Justicia del [&hellip;]<\/p>\n","protected":false},"author":1,"featured_media":5805,"comment_status":"open","ping_status":"open","sticky":false,"template":"","format":"standard","meta":{"footnotes":""},"categories":[26],"tags":[84,3213,715,538,3211,49,3212],"class_list":["post-5804","post","type-post","status-publish","format-standard","has-post-thumbnail","hentry","category-policiales","tag-adolescente","tag-guerrero-trip","tag-ladron","tag-margarita-belen","tag-milton","tag-resistencia","tag-tres-horquetas"],"_links":{"self":[{"href":"https:\/\/hdpnoticias.com.ar\/index.php?rest_route=\/wp\/v2\/posts\/5804","targetHints":{"allow":["GET"]}}],"collection":[{"href":"https:\/\/hdpnoticias.com.ar\/index.php?rest_route=\/wp\/v2\/posts"}],"about":[{"href":"https:\/\/hdpnoticias.com.ar\/index.php?rest_route=\/wp\/v2\/types\/post"}],"author":[{"embeddable":true,"href":"https:\/\/hdpnoticias.com.ar\/index.php?rest_route=\/wp\/v2\/users\/1"}],"replies":[{"embeddable":true,"href":"https:\/\/hdpnoticias.com.ar\/index.php?rest_route=%2Fwp%2Fv2%2Fcomments&post=5804"}],"version-history":[{"count":1,"href":"https:\/\/hdpnoticias.com.ar\/index.php?rest_route=\/wp\/v2\/posts\/5804\/revisions"}],"predecessor-version":[{"id":5806,"href":"https:\/\/hdpnoticias.com.ar\/index.php?rest_route=\/wp\/v2\/posts\/5804\/revisions\/5806"}],"wp:featuredmedia":[{"embeddable":true,"href":"https:\/\/hdpnoticias.com.ar\/index.php?rest_route=\/wp\/v2\/media\/5805"}],"wp:attachment":[{"href":"https:\/\/hdpnoticias.com.ar\/index.php?rest_route=%2Fwp%2Fv2%2Fmedia&parent=5804"}],"wp:term":[{"taxonomy":"category","embeddable":true,"href":"https:\/\/hdpnoticias.com.ar\/index.php?rest_route=%2Fwp%2Fv2%2Fcategories&post=5804"},{"taxonomy":"post_tag","embeddable":true,"href":"https:\/\/hdpnoticias.com.ar\/index.php?rest_route=%2Fwp%2Fv2%2Ftags&post=5804"}],"curies":[{"name":"wp","href":"https:\/\/api.w.org\/{rel}","templated":true}]}}