{"id":5801,"date":"2024-01-31T08:38:24","date_gmt":"2024-01-31T11:38:24","guid":{"rendered":"https:\/\/hdpnoticias.com.ar\/?p=5801"},"modified":"2024-01-31T08:38:56","modified_gmt":"2024-01-31T11:38:56","slug":"recuperan-un-camion-6-camionetas-y-2-minibuses-que-capitanich-entrego-a-piqueteros","status":"publish","type":"post","link":"https:\/\/hdpnoticias.com.ar\/?p=5801","title":{"rendered":"Recuperan un cami\u00f3n, 6 camionetas y 2 minibuses que Capitanich entreg\u00f3 a piqueteros"},"content":{"rendered":"\n<p>En unas pocas horas la Provincia recuper\u00f3 un cami\u00f3n, 2 minibuses y 6 camionetas que hab\u00edan sido \u201cdonadas\u201d por el exgobernador Jorge Capitanich a organizaciones comandadas por dirigentes piqueteros.<\/p>\n\n\n\n<p>Los veh\u00edculos fueron cedidos en varios momentos de su tercer mandato pero, al parecer, nunca se complet\u00f3 el tr\u00e1mite de transferencia y, por otro lado, no cumpl\u00edan la funci\u00f3n para que habr\u00edan sido otorgados. Algunos fueron hallados por la Polic\u00eda y otros entregados por los propios dirigentes.<\/p>\n\n\n\n<p>El mediod\u00eda del martes la Polic\u00eda logro localizar un cami\u00f3n Volkswagen 319, propiedad del Ministerio de Desarrollo Social, en la calle San Salvador 385, en la zona sur de Resistencia, en poder de un dirigente piquetero.<\/p>\n\n\n\n<p>En el lugar, Rogelio Batista, titular de la fundaci\u00f3n Un Ni\u00f1o M\u00e1s, adujo que el gobierno anterior le cedi\u00f3 el veh\u00edculo el 25 de abril de 2023, y opt\u00f3 por entregarlo voluntariamente.<\/p>\n\n\n\n<p>A las 19:15, Batista se present\u00f3 en la Direcci\u00f3n General de Seguridad Metropolitana de la Polic\u00eda del Chaco, en la ruta nacional 11, para entregar voluntariamente una Ford Ranger 4&#215;4 que el Gobierno le cediera el 7 de julio de 2022 a su fundaci\u00f3n Un Ni\u00f1o M\u00e1s.<\/p>\n\n\n\n<p>A las 21:30, David Barrientos, titular de la Fundaci\u00f3n Soluci\u00f3n y Trabajo, se present\u00f3 ah\u00ed mismo para entregar voluntariamente una Toyota Hilux 4&#215;2 cabina simple, que el 22 de agosto de 2022 le hab\u00eda entregado el Instituto de Agricultura Familiar y Econom\u00eda Popular, y una Ford Ranger 4&#215;4 que la Secretar\u00eda General de la Gobernaci\u00f3n le entreg\u00f3 en la misma fecha.<\/p>\n\n\n\n<p>Paralelamente, Diego Rol\u00f3n, de la Fundaci\u00f3n El Valor del Esfuerzo, se present\u00f3 en la misma dependencia para entregar voluntariamente un minibus Mercedes Benz Sprinter, modelo 2011, que le entregara el 20 de julio de 2022 la Direcci\u00f3n de Administraci\u00f3n de la Gobernaci\u00f3n.<\/p>\n\n\n\n<p>Y Gustavo Ib\u00e1\u00f1ez, de la Fundaci\u00f3n Convocatoria Social, entreg\u00f3 un minib\u00fas Renault Master y una Ford Ranger cedidas por decreto por el entonces gobernador Capitanich el 8 de noviembre de 2023.<\/p>\n\n\n\n<p>Minutos despu\u00e9s de las 2 de este mi\u00e9rcoles, una comisi\u00f3n de la Comisar\u00eda Quinta fue hasta la intersecci\u00f3n de las avenidas Chaco y Quijano, en la zona sur de la ciudad, con la informaci\u00f3n de que hab\u00eda 2 camionetas oficiales abandonadas.<\/p>\n\n\n\n<p>Efectivamente, ah\u00ed encontr\u00f3 una Ford Ranger 4&#215;4 que pertenecer\u00eda a la Secretar\u00eda General de la Gobernaci\u00f3n, y una Toyota Hilux, tracci\u00f3n simple, sin ruedas, registrada a nombre del Ministerio de la Producci\u00f3n.<\/p>\n","protected":false},"excerpt":{"rendered":"<p>En unas pocas horas la Provincia recuper\u00f3 un cami\u00f3n, 2 minibuses y 6 camionetas que hab\u00edan sido \u201cdonadas\u201d por el exgobernador Jorge Capitanich a organizaciones comandadas por dirigentes piqueteros. Los veh\u00edculos fueron cedidos en varios momentos de su tercer mandato pero, al parecer, nunca se complet\u00f3 el tr\u00e1mite de transferencia y, por otro lado, no [&hellip;]<\/p>\n","protected":false},"author":1,"featured_media":5802,"comment_status":"open","ping_status":"open","sticky":false,"template":"","format":"standard","meta":{"footnotes":""},"categories":[27],"tags":[29,37,476,624,56,244,391,127,265,55,712,390],"class_list":["post-5801","post","type-post","status-publish","format-standard","has-post-thumbnail","hentry","category-politica","tag-capitanich","tag-chaco","tag-desarrollo-social","tag-ford","tag-fundacion","tag-gobernador","tag-hilux","tag-mercedes-benz","tag-piqueteros","tag-policia","tag-ranger","tag-toyota"],"_links":{"self":[{"href":"https:\/\/hdpnoticias.com.ar\/index.php?rest_route=\/wp\/v2\/posts\/5801","targetHints":{"allow":["GET"]}}],"collection":[{"href":"https:\/\/hdpnoticias.com.ar\/index.php?rest_route=\/wp\/v2\/posts"}],"about":[{"href":"https:\/\/hdpnoticias.com.ar\/index.php?rest_route=\/wp\/v2\/types\/post"}],"author":[{"embeddable":true,"href":"https:\/\/hdpnoticias.com.ar\/index.php?rest_route=\/wp\/v2\/users\/1"}],"replies":[{"embeddable":true,"href":"https:\/\/hdpnoticias.com.ar\/index.php?rest_route=%2Fwp%2Fv2%2Fcomments&post=5801"}],"version-history":[{"count":1,"href":"https:\/\/hdpnoticias.com.ar\/index.php?rest_route=\/wp\/v2\/posts\/5801\/revisions"}],"predecessor-version":[{"id":5803,"href":"https:\/\/hdpnoticias.com.ar\/index.php?rest_route=\/wp\/v2\/posts\/5801\/revisions\/5803"}],"wp:featuredmedia":[{"embeddable":true,"href":"https:\/\/hdpnoticias.com.ar\/index.php?rest_route=\/wp\/v2\/media\/5802"}],"wp:attachment":[{"href":"https:\/\/hdpnoticias.com.ar\/index.php?rest_route=%2Fwp%2Fv2%2Fmedia&parent=5801"}],"wp:term":[{"taxonomy":"category","embeddable":true,"href":"https:\/\/hdpnoticias.com.ar\/index.php?rest_route=%2Fwp%2Fv2%2Fcategories&post=5801"},{"taxonomy":"post_tag","embeddable":true,"href":"https:\/\/hdpnoticias.com.ar\/index.php?rest_route=%2Fwp%2Fv2%2Ftags&post=5801"}],"curies":[{"name":"wp","href":"https:\/\/api.w.org\/{rel}","templated":true}]}}