{"id":5766,"date":"2024-01-26T07:25:01","date_gmt":"2024-01-26T10:25:01","guid":{"rendered":"https:\/\/hdpnoticias.com.ar\/?p=5766"},"modified":"2024-01-26T07:26:44","modified_gmt":"2024-01-26T10:26:44","slug":"otro-piquetero-preso-tiso-talavera-detenido-por-disturbios-en-infanteria","status":"publish","type":"post","link":"https:\/\/hdpnoticias.com.ar\/?p=5766","title":{"rendered":"Otro piquetero preso: Tiso Talavera detenido por disturbios en Infanter\u00eda"},"content":{"rendered":"\n<p>El dirigente piquetero Ra\u00fal Celestino \u201cTiso\u201d Talavera, fue detenido la noche del jueves en la sede de la Divisi\u00f3n Infanter\u00eda de la Polic\u00eda del Chaco, en Cervantes y Delfino, en Resistencia.<\/p>\n\n\n\n<p>Alrededor de las 23 irrumpi\u00f3 intempestivamente en la dependencia policial y golpeando el port\u00f3n gritaba \u201cYo le voy a hacer echar a todos ustedes\u201d.<\/p>\n\n\n\n<p>Los guardias intentaron calmarlo y le pidieron que depusiera su actitud. Pero Talavera se mostraba cada vez m\u00e1s exaltado y sumaba insultos hacia el personal.<\/p>\n\n\n\n<p>Por eso, fue detenido y alojado en la Comisar\u00eda Quinta.<\/p>\n\n\n\n<p>Otros 3 l\u00edderes piqueteros pasan sus d\u00edas tras las rejas por distintas causas: Emerenciano Sena por el homicidio de Cecilia Strzyzowski; Quint\u00edn G\u00f3mez acusado de abuso sexual, y Carlos Barraza por presunta defraudaci\u00f3n al Estado.<\/p>\n","protected":false},"excerpt":{"rendered":"<p>El dirigente piquetero Ra\u00fal Celestino \u201cTiso\u201d Talavera, fue detenido la noche del jueves en la sede de la Divisi\u00f3n Infanter\u00eda de la Polic\u00eda del Chaco, en Cervantes y Delfino, en Resistencia. Alrededor de las 23 irrumpi\u00f3 intempestivamente en la dependencia policial y golpeando el port\u00f3n gritaba \u201cYo le voy a hacer echar a todos ustedes\u201d. [&hellip;]<\/p>\n","protected":false},"author":1,"featured_media":5767,"comment_status":"open","ping_status":"open","sticky":false,"template":"","format":"standard","meta":{"footnotes":""},"categories":[27],"tags":[841,661,1862,3200,3199,3198],"class_list":["post-5766","post","type-post","status-publish","format-standard","has-post-thumbnail","hentry","category-politica","tag-detenido","tag-infanteria","tag-piquetero","tag-policia-del-chaco","tag-talavera","tag-tiso"],"_links":{"self":[{"href":"https:\/\/hdpnoticias.com.ar\/index.php?rest_route=\/wp\/v2\/posts\/5766","targetHints":{"allow":["GET"]}}],"collection":[{"href":"https:\/\/hdpnoticias.com.ar\/index.php?rest_route=\/wp\/v2\/posts"}],"about":[{"href":"https:\/\/hdpnoticias.com.ar\/index.php?rest_route=\/wp\/v2\/types\/post"}],"author":[{"embeddable":true,"href":"https:\/\/hdpnoticias.com.ar\/index.php?rest_route=\/wp\/v2\/users\/1"}],"replies":[{"embeddable":true,"href":"https:\/\/hdpnoticias.com.ar\/index.php?rest_route=%2Fwp%2Fv2%2Fcomments&post=5766"}],"version-history":[{"count":2,"href":"https:\/\/hdpnoticias.com.ar\/index.php?rest_route=\/wp\/v2\/posts\/5766\/revisions"}],"predecessor-version":[{"id":5770,"href":"https:\/\/hdpnoticias.com.ar\/index.php?rest_route=\/wp\/v2\/posts\/5766\/revisions\/5770"}],"wp:featuredmedia":[{"embeddable":true,"href":"https:\/\/hdpnoticias.com.ar\/index.php?rest_route=\/wp\/v2\/media\/5767"}],"wp:attachment":[{"href":"https:\/\/hdpnoticias.com.ar\/index.php?rest_route=%2Fwp%2Fv2%2Fmedia&parent=5766"}],"wp:term":[{"taxonomy":"category","embeddable":true,"href":"https:\/\/hdpnoticias.com.ar\/index.php?rest_route=%2Fwp%2Fv2%2Fcategories&post=5766"},{"taxonomy":"post_tag","embeddable":true,"href":"https:\/\/hdpnoticias.com.ar\/index.php?rest_route=%2Fwp%2Fv2%2Ftags&post=5766"}],"curies":[{"name":"wp","href":"https:\/\/api.w.org\/{rel}","templated":true}]}}