{"id":5763,"date":"2024-01-26T07:09:24","date_gmt":"2024-01-26T10:09:24","guid":{"rendered":"https:\/\/hdpnoticias.com.ar\/?p=5763"},"modified":"2024-01-26T07:09:27","modified_gmt":"2024-01-26T10:09:27","slug":"milei-echo-al-ministro-de-infraestructura-y-le-da-mas-poder-a-caputo","status":"publish","type":"post","link":"https:\/\/hdpnoticias.com.ar\/?p=5763","title":{"rendered":"Milei ech\u00f3 al ministro de Infraestructura y le da m\u00e1s poder a Caputo"},"content":{"rendered":"\n<p>Apenas cumplido un mes y medio de mandato, el Presidente de la Naci\u00f3n: Javier Milei, ech\u00f3 al ministro de Infraestructura: Guillermo Ferraro, seg\u00fan trascendi\u00f3, por \u201cfiltrar\u201d informaci\u00f3n de las reuniones de gabinete.<\/p>\n\n\n\n<p>Pero el movimiento no s\u00f3lo estar\u00eda vinculado a la p\u00e9rdida de confianza por la violaci\u00f3n de la confidencialidad de las discusiones internas, sino tambi\u00e9n a una reformulaci\u00f3n de la estructura del Gobierno.<\/p>\n\n\n\n<p>Seg\u00fan trascendi\u00f3 este jueves por la noche, las Secretar\u00edas de Obras P\u00fablicas, Comunicaciones, Vivienda y Transporte, que integraban el Ministerio de Infraestructura, pasar\u00e1n a la \u00f3rbita del Ministerio de Econom\u00eda que encabeza Luis Caputo, que se convertir\u00eda en superministro.<\/p>\n","protected":false},"excerpt":{"rendered":"<p>Apenas cumplido un mes y medio de mandato, el Presidente de la Naci\u00f3n: Javier Milei, ech\u00f3 al ministro de Infraestructura: Guillermo Ferraro, seg\u00fan trascendi\u00f3, por \u201cfiltrar\u201d informaci\u00f3n de las reuniones de gabinete. Pero el movimiento no s\u00f3lo estar\u00eda vinculado a la p\u00e9rdida de confianza por la violaci\u00f3n de la confidencialidad de las discusiones internas, sino [&hellip;]<\/p>\n","protected":false},"author":1,"featured_media":5764,"comment_status":"open","ping_status":"open","sticky":false,"template":"","format":"standard","meta":{"footnotes":""},"categories":[27],"tags":[3007,434,3196,264,36,3197,1319,623,763],"class_list":["post-5763","post","type-post","status-publish","format-standard","has-post-thumbnail","hentry","category-politica","tag-caputo","tag-economia","tag-ferraro","tag-gabinete","tag-gobierno","tag-infraestructura","tag-milei","tag-transporte","tag-vivienda"],"_links":{"self":[{"href":"https:\/\/hdpnoticias.com.ar\/index.php?rest_route=\/wp\/v2\/posts\/5763","targetHints":{"allow":["GET"]}}],"collection":[{"href":"https:\/\/hdpnoticias.com.ar\/index.php?rest_route=\/wp\/v2\/posts"}],"about":[{"href":"https:\/\/hdpnoticias.com.ar\/index.php?rest_route=\/wp\/v2\/types\/post"}],"author":[{"embeddable":true,"href":"https:\/\/hdpnoticias.com.ar\/index.php?rest_route=\/wp\/v2\/users\/1"}],"replies":[{"embeddable":true,"href":"https:\/\/hdpnoticias.com.ar\/index.php?rest_route=%2Fwp%2Fv2%2Fcomments&post=5763"}],"version-history":[{"count":1,"href":"https:\/\/hdpnoticias.com.ar\/index.php?rest_route=\/wp\/v2\/posts\/5763\/revisions"}],"predecessor-version":[{"id":5765,"href":"https:\/\/hdpnoticias.com.ar\/index.php?rest_route=\/wp\/v2\/posts\/5763\/revisions\/5765"}],"wp:featuredmedia":[{"embeddable":true,"href":"https:\/\/hdpnoticias.com.ar\/index.php?rest_route=\/wp\/v2\/media\/5764"}],"wp:attachment":[{"href":"https:\/\/hdpnoticias.com.ar\/index.php?rest_route=%2Fwp%2Fv2%2Fmedia&parent=5763"}],"wp:term":[{"taxonomy":"category","embeddable":true,"href":"https:\/\/hdpnoticias.com.ar\/index.php?rest_route=%2Fwp%2Fv2%2Fcategories&post=5763"},{"taxonomy":"post_tag","embeddable":true,"href":"https:\/\/hdpnoticias.com.ar\/index.php?rest_route=%2Fwp%2Fv2%2Ftags&post=5763"}],"curies":[{"name":"wp","href":"https:\/\/api.w.org\/{rel}","templated":true}]}}